{"id":18077,"date":"2024-04-19T11:38:14","date_gmt":"2024-04-19T14:38:14","guid":{"rendered":"https:\/\/sap-prod.apps.okd4.ciasc.sc.gov.br\/?p=18077"},"modified":"2026-03-11T17:13:24","modified_gmt":"2026-03-11T20:13:24","slug":"temas-dease","status":"publish","type":"post","link":"https:\/\/www.sap.sc.gov.br\/en\/temas-dease\/","title":{"rendered":"DEASE"},"content":{"rendered":"<p><strong>PLANO DE CARREIRA E VENCIMENTOS DO CARGO DE AGENTE DE SEGURAN\u00c7A SOCIOEDUCATIVO E REGULAMENTOS:<\/strong><\/p>\n<ul>\n<li style=\"list-style-type: none;\">\n<ul>\n<li><span style=\"color: #3366ff;\"><a style=\"color: #3366ff;\" href=\"http:\/\/leis.alesc.sc.gov.br\/html\/2021\/777_2021_lei_complementar.html\">LEI COMPLEMENTAR n\u00ba 777, de 14 de dezembro de 2021, que Disp\u00f5e sobre o Plano de Carreira e Vencimentos do cargo de Agente de Seguran\u00e7a Socioeducativo do Quadro de Pessoal da SAP<\/a><\/span><\/li>\n<li><span style=\"color: #3366ff;\"><a style=\"color: #3366ff;\" href=\"https:\/\/www.sap.sc.gov.br\/en\/download\/02_decreto-no-2332-de-2-de-dezembro-de-2022-que-dispoe-sobre-a-concessao-de-medalhas-e-honrarias-no-ambito-do-departamento-de-administracao-socioeducativa-do-estado-de-santa-catarina-pdf-pdf\/\" target=\"_blank\" rel=\"noopener\">DECRETO n\u00ba 2332, de 2 de dezembro de 2022, que Disp\u00f5e sobre a concess\u00e3o de medalhas e honrarias no \u00e2mbito do DEASE<\/a><\/span><\/li>\n<li><span style=\"color: #3366ff;\"><a style=\"color: #3366ff;\" href=\"https:\/\/www.sap.sc.gov.br\/en\/download\/03_decreto-no-1778-de-2-de-marco-de-2022-que-aprova-o-regulamento-da-estrutura-organizacional-basica-do-departamento-de-administracao-socioeducativa-do-estado-de-santa-catarina-e-estabelece-outras-p\/\" target=\"_blank\" rel=\"noopener\">DECRETO n\u00ba 1778, de 2 de mar\u00e7o de 2022, que Aprova o Regulamento da Estrutura Organizacional B\u00e1sica do DEASE e estabelece outras provid\u00eancias<\/a><\/span><\/li>\n<\/ul>\n<\/li>\n<\/ul>\n<p><strong>EQUIPAMENTOS DE PROTE\u00c7\u00c3O INDIVIDUAL E INSTRUMENTOS DE MENOR POTENCIAL OFENSIVO:<\/strong><\/p>\n<ul>\n<li style=\"list-style-type: none;\">\n<ul>\n<li><span style=\"color: #3366ff;\"><a style=\"color: #3366ff;\" href=\"http:\/\/leis.alesc.sc.gov.br\/html\/2022\/18571_2022_lei.html\">LEI n\u00ba 18.571, de 23 de dezembro de 2022. Equipamentos de Prote\u00e7\u00e3o Individual<\/a><\/span><\/li>\n<\/ul>\n<\/li>\n<\/ul>\n<p><strong>COMP\u00caNDIO DE RESOLU\u00c7\u00c3O CONANDA, de 1993 at\u00e9 2024:<\/strong><\/p>\n<ul>\n<li style=\"list-style-type: none;\">\n<ul>\n<li><span style=\"color: #3366ff;\"><a style=\"color: #3366ff;\" title=\"01_COMP\u00caNDIO DE RESOLU\u00c7\u00d5ES CONANDA, de 1993 a 2024\" href=\"https:\/\/www.sap.sc.gov.br\/en\/download\/01_compendio-de-resolucoes-conanda-de-1993-a-2024\/\" target=\"_blank\" rel=\"noopener\">Comp\u00eandio de Resolu\u00e7\u00f5es CONANDA, de 1993 a 2024<\/a><\/span><\/li>\n<\/ul>\n<\/li>\n<\/ul>\n<p><strong>VIDEOMONITORAMENTO:<\/strong><\/p>\n<ul>\n<li style=\"list-style-type: none;\">\n<ul>\n<li><span style=\"color: #3366ff;\"><a style=\"color: #3366ff;\" title=\"06_PORTARIA n\u00ba 1273.GABS.SAP, de 19 de abril de 2023, videomonitoramento dease.pdf\" href=\"https:\/\/www.sap.sc.gov.br\/en\/download\/06_portaria-no-1273-gabs-sap-de-19-de-abril-de-2023-videomonitoramento-dease-pdf\/\" target=\"_blank\" rel=\"noopener\">PORTARIA n\u00ba 1273.GABS.SAP, de 19 de Abril de 2023, Videomonitoramento DEASE<\/a><\/span><\/li>\n<\/ul>\n<\/li>\n<\/ul>\n<p><strong>ESCOLTA, VIGIL\u00c2NCIA E INTERVEN\u00c7\u00c3O NAS UNIDADES DE ATENDIMENTO SOCIOEDUCATIVO:<\/strong><\/p>\n<ul>\n<li style=\"list-style-type: none;\">\n<ul>\n<li><span style=\"color: #3366ff;\"><a style=\"color: #3366ff;\" title=\"01_DECRETO N\u00ba 1188, de 13 de junho de 2017, que Disp\u00f5e sobre os procedimentos de escolta, vigil\u00e2ncia e interven\u00e7\u00e3o nas unidades de atendimento socioeducativo pertencentes ao Sistema de Atendimento Socioeducativo\" href=\"https:\/\/www.sap.sc.gov.br\/en\/download\/01_decreto-no-1188-de-13-de-junho-de-2017-que-dispoe-sobre-os-procedimentos-de-escolta-vigilancia-e-intervencao-nas-unidades-de-atendimento-socioeducativo-pertencentes-ao-sistema-de-atendimento-soc\/\" target=\"_blank\" rel=\"noopener\">DECRETO n\u00ba 1188, de 13 de junho de 2017, Disp\u00f5e sobre os procedimentos de escolta, vigil\u00e2ncia e interven\u00e7\u00e3o nas unidades de atendimento socioeducativo pertencentes ao Sistema de Atendimento Socioeducativo Estadual.<\/a><\/span><\/li>\n<\/ul>\n<\/li>\n<\/ul>\n<p><strong>RESOLU\u00c7\u00c3O CONJUNTA N\u00ba 001, DE 23 DE NOVEMBRO DE 2017:<\/strong><\/p>\n<ul>\n<li style=\"list-style-type: none;\">\n<ul>\n<li><span style=\"color: #3366ff;\"><a style=\"color: #3366ff;\" title=\"01_RESOLU\u00c7\u00c3O CONJUNTA N\u00ba 001, de 23 de novembro 2017, Disciplina a participa\u00e7\u00e3o dos \u00f3rg\u00e3os da Secretaria de Estado da Justi\u00e7a e Cidadania (SJC) e da Secretaria Estado da Casa Civil (SCC) nos procedimentos admini\" href=\"https:\/\/www.sap.sc.gov.br\/en\/download\/01_resolucao-conjunta-no-001-de-23-de-novembro-2017-disciplina-a-participacao-dos-orgaos-da-secretaria-de-estado-da-justica-e-cidadania-sjc-e-da-secretaria-estado-da-casa-civil-scc-nos-procedime\/\" target=\"_blank\" rel=\"noopener\">Resolu\u00e7\u00e3o Conjunta n\u00ba 001, de 23 de novembro de 2017, Disciplina a participa\u00e7\u00e3o dos \u00f3rg\u00e3os da Secretaria de Estado da Justi\u00e7a e Cidadania (SJC) e da Secretaria Estado da Casa Civil (SCC) nos procedimentos administrativos para o atendimento ao adolescente em conflito com a lei, apreendido em flagrante ou por for\u00e7a de ordem judicial e estabelece outras provid\u00eancias.<\/a><\/span><strong><span style=\"color: #ff0000;\">(REVOGADO)<\/span><\/strong><\/li>\n<\/ul>\n<\/li>\n<\/ul>\n<p><strong>RESOLU\u00c7\u00c3O CONJUNTA N\u00ba 002, DE 12 DE MAIO DE 2025:<\/strong><\/p>\n<ul>\n<li style=\"list-style-type: none;\">\n<ul>\n<li><span style=\"color: #3366ff;\"><a style=\"color: #3366ff;\" href=\"https:\/\/sejuri.sc.gov.br\/download\/resolucao-conjunta-interinstitucional-n-2-de-12-de-maio-de-2025\/\" target=\"_blank\" rel=\"noopener\">Resolu\u00e7\u00e3o Conjunta Interinstitucional n\u00ba 02, de 12 de maio de 2025, disp\u00f5e sobre a cria\u00e7\u00e3o e regulamenta\u00e7\u00e3o da Central de Vagas, no \u00e2mbito do Poder Executivo do Estado de Santa Catarina, disciplinando os procedimentos operacionais, administrativos e judiciais para ingresso e transfer\u00eancia de adolescentes em cumprimento de medida socioeducativa de interna\u00e7\u00e3o provis\u00f3ria, interna\u00e7\u00e3o, semiliberdade e interna\u00e7\u00e3o-san\u00e7\u00e3o e d\u00e1 outras provid\u00eancias.<\/a><\/span><\/li>\n<\/ul>\n<\/li>\n<\/ul>\n<p><strong>PROCEDIMENTOS ADMINISTRATIVOS E OPERACIONAIS DEASE:<\/strong><\/p>\n<ul>\n<li style=\"list-style-type: none;\">\n<ul>\n<li>\n<div><a title=\"01_RESOLU\u00c7\u00c3O CONANDA N\u00ba 233, de 30 de dezembro de 2022, Estabelece diretrizes e par\u00e2metros de atendimento socioeducativo \u00e0s adolescentes privadas de liberdade no Sistema Nacional de Atendimento Socioeducativo (1\" href=\"https:\/\/www.sap.sc.gov.br\/en\/download\/01_resolucao-conanda-no-233-de-30-de-dezembro-de-2022-estabelece-diretrizes-e-parametros-de-atendimento-socioeducativo-as-adolescentes-privadas-de-liberdade-no-sistema-nacional-de-atendimento-socioe\/\" target=\"_blank\" rel=\"noopener\"><span style=\"color: #3366ff;\">RESOLU\u00c7\u00c3O CONANDA n\u00ba 233, de 30 de Dezembro de 2022, estabelece diretrizes e par\u00e2metros de atendimento socioeducativo \u00e0s adolescentes privadas de liberdade no Sistema Nacional de Atendimento Socioeducativo.<\/span><\/a><\/div>\n<\/li>\n<li><a title=\"02_RESOLU\u00c7\u00c3O CONANDA N\u00ba 230, de 24 de novembro de 2022, Disp\u00f5e sobre as diretrizes e procedimentos para a implanta\u00e7\u00e3o e funcionamento da Central de Gest\u00e3o de Vagas no \u00e2mbito dos Sistemas de Atendimento Socioe (1\" href=\"https:\/\/www.sap.sc.gov.br\/en\/download\/02_resolucao-conanda-no-230-de-24-de-novembro-de-2022-dispoe-sobre-as-diretrizes-e-procedimentos-para-a-implantacao-e-funcionamento-da-central-de-gestao-de-vagas-no-ambito-dos-sistemas-de-atendiment\/\" target=\"_blank\" rel=\"noopener\"><span style=\"color: #3366ff;\">RESOLU\u00c7\u00c3O CONANDA n\u00ba 230, de 24 de Novembro de 2022, disp\u00f5e sobre as diretrizes e procedimentos para a implanta\u00e7\u00e3o e funcionamento da Central de Gest\u00e3o de Vagas no \u00e2mbito dos Sistemas de Atendimento Socioeducativo.<\/span><\/a><\/li>\n<li><span style=\"color: #3366ff;\"><a style=\"color: #3366ff;\" title=\"03_PORTARIA N\u00ba 2339_GABS_SAP_2023, de 15 de agosto de 2023, Regulamentar a troca de plant\u00e3o entre os AGESEGs (1)\" href=\"https:\/\/www.sap.sc.gov.br\/en\/download\/03_portaria-no-2339_gabs_sap_2023-de-15-de-agosto-de-2023-regulamentar-a-troca-de-plantao-entre-os-agesegs-1\/\" target=\"_blank\" rel=\"noopener\">PORTARIA n\u00ba 2339_GABS_SAP_2023, de 15 de Agosto de 2023, regulamentar a troca de plant\u00e3o entre os AGESEGs.<\/a><\/span><\/li>\n<li><span style=\"color: #3366ff;\"><a style=\"color: #3366ff;\" title=\"04_PORTARIA N\u00ba 1273_GABS_SAP_2023, de 20 de abril de 2023, Estabelece normas para utiliza\u00e7\u00e3o integrada da estrutura f\u00edsica, tecnol\u00f3gica e de pessoal da Central de Videomonitoramento do Departamento de Adminis (1\" href=\"https:\/\/www.sap.sc.gov.br\/en\/download\/04_portaria-no-1273_gabs_sap_2023-de-20-de-abril-de-2023-estabelece-normas-para-utilizacao-integrada-da-estrutura-fisica-tecnologica-e-de-pessoal-da-central-de-videomonitoramento-do-departamento-de\/\" target=\"_blank\" rel=\"noopener\">PORTARIA n\u00ba 1273_GABS_SAP_2023, de 20 de Abril de 2023, estabelece normal para utiliza\u00e7\u00e3o integrada da estrutura f\u00edsica, tecnol\u00f3gica e de pessoal da Central de Videomonitoramento do Departamento de Administra\u00e7\u00e3o.<\/a><\/span><\/li>\n<li><span style=\"color: #3366ff;\"><a style=\"color: #3366ff;\" title=\"05_PORTARIA N\u00ba 1165_GABS_SAP, de 9 de setembro de 2021, Alterar o texto das Normas Complementares para Organiza\u00e7\u00e3o e Funcionamento do Sistema de Atendimento Socioeducativo Catarinense Regime Restritivo e Priv (1\" href=\"https:\/\/www.sap.sc.gov.br\/en\/download\/05_portaria-no-1165_gabs_sap-de-9-de-setembro-de-2021-alterar-o-texto-das-normas-complementares-para-organizacao-e-funcionamento-do-sistema-de-atendimento-socioeducativo-catarinense-regime-restritiv\/\" target=\"_blank\" rel=\"noopener\">PORTARIA n\u00ba 1165_GABS_SAP, de 9 de Setembro de 2021, alterar o texto das Normas Complementares para Organiza\u00e7\u00e3o e Funcionamento do Sistema de Atendimento Socioeducativo Catarinense Regime Restritivo e Privativo.<\/a><\/span><\/li>\n<li><span style=\"color: #3366ff;\"><a style=\"color: #3366ff;\" title=\"06_PORTARIA N\u00ba 0884_GABS_SAP_2022, de 25 de julho de 2022, Institui os Grupos de Opera\u00e7\u00f5es com C\u00e3es \u2013 GOC, setor integrante do Departamento de Administra\u00e7\u00e3o Socioeducativa \u2013 Dease, para atuar no \u00e2mbito do sis (1\" href=\"https:\/\/www.sap.sc.gov.br\/en\/download\/06_portaria-no-0884_gabs_sap_2022-de-25-de-julho-de-2022-institui-os-grupos-de-operacoes-com-caes-goc-setor-integrante-do-departamento-de-administracao-socioeducativa-dease-para-atuar-no-ambit\/\" target=\"_blank\" rel=\"noopener\">PORTARIA n\u00ba 0884_GABS_SAP_2022, de 25 de Julho de 2022, Institui os Grupos de Opera\u00e7\u00f5es com C\u00e3es &#8211; GOC, setor integrante do Departamento de Administra\u00e7\u00e3o Socioeducativa &#8211; DEASE, para atuar no \u00e2mbito do sistema.<\/a><\/span><\/li>\n<li><span style=\"color: #3366ff;\"><a style=\"color: #3366ff;\" title=\"07_PORTARIA N\u00ba 330_GABS_SAP, de 22 de fevereiro de 2021, Projeto Piloto para atendimento alternativo ao advogado, atrav\u00e9s da instala\u00e7\u00e3o de ferramenta virtual, denominada de Parlat\u00f3rio Virtual, a ser implement (1\" href=\"https:\/\/www.sap.sc.gov.br\/en\/download\/07_portaria-no-330_gabs_sap-de-22-de-fevereiro-de-2021-projeto-piloto-para-atendimento-alternativo-ao-advogado-atraves-da-instalacao-de-ferramenta-virtual-denominada-de-parlatorio-virtual-a-ser-i\/\" target=\"_blank\" rel=\"noopener\">PORTARIA n\u00ba 330_GABS_SAP_2022, de 22 de Fevereiro de 2021, projeto piloto para atendimento alternativo ao advogado, atrav\u00e9s da instala\u00e7\u00e3o de ferramenta virtual, denominada de Parlat\u00f3rio Virtual, a ser implementado.<\/a><\/span><\/li>\n<li><span style=\"color: #3366ff;\"><a style=\"color: #3366ff;\" title=\"08_PORTARIA N\u00ba 0271_GABS_SAP, de 18 de abril de 2022, Disciplina o acesso de pessoas, ve\u00edculos e materiais nas Unidades Socioeducativas do estado de Santa Catarina, na Secretaria de Estado da Administra\u00e7\u00e3o Pr (1\" href=\"https:\/\/www.sap.sc.gov.br\/en\/download\/08_portaria-no-0271_gabs_sap-de-18-de-abril-de-2022-disciplina-o-acesso-de-pessoas-veiculos-e-materiais-nas-unidades-socioeducativas-do-estado-de-santa-catarina-na-secretaria-de-estado-da-administ\/\" target=\"_blank\" rel=\"noopener\">PORTARIA n\u00ba 0271_GABS_SAP, de 18 de Abril de 2022, disciplina o acesso de pessoas, ve\u00edculos e materiais nas Unidades Socioeducativas do estado de Santa Catarina, na Secretaria de Estado de Administra\u00e7\u00e3o Prisional.<\/a><\/span><\/li>\n<li><span style=\"color: #3366ff;\"><a style=\"color: #3366ff;\" title=\"09_PORTARIA N\u00ba 0224_GABS_SAP, de 21 de mar\u00e7o de 2022, Disp\u00f5e sobre o registro de ocorr\u00eancias e movimenta\u00e7\u00f5es di\u00e1rias das Unidades Socioeducativas do Estado de Santa Catarina por meio da utiliza\u00e7\u00e3o do Sistem (1\" href=\"https:\/\/www.sap.sc.gov.br\/en\/download\/09_portaria-no-0224_gabs_sap-de-21-de-marco-de-2022-dispoe-sobre-o-registro-de-ocorrencias-e-movimentacoes-diarias-das-unidades-socioeducativas-do-estado-de-santa-catarina-por-meio-da-utilizacao-d\/\" target=\"_blank\" rel=\"noopener\">PORTARIA n\u00ba 0224_GABS_SAP, de 21 de Mar\u00e7o de 2022, disp\u00f5e sobre o registro de ocorr\u00eancias e movimenta\u00e7\u00f5es di\u00e1rias nas Unidades Socioeducativas do Estado de Santa Catarina por meio da utiliza\u00e7\u00e3o do Sistema.<\/a><\/span><\/li>\n<li><span style=\"color: #3366ff;\"><a style=\"color: #3366ff;\" title=\"10_Portaria n\u00ba 020_GABS_SJC, de 8 de janeiro de 2019, que regulamenta os procedimentos para o ingresso de visitantes\" href=\"https:\/\/www.sap.sc.gov.br\/en\/download\/10_portaria-no-020_gabs_sjc-de-8-de-janeiro-de-2019-que-regulamenta-os-procedimentos-para-o-ingresso-de-visitantes\/\" target=\"_blank\" rel=\"noopener\">PORTARIA n\u00ba 020_GABS_SJC, de 8 de Janeiro de 2019, que regulamenta os procedimentos para o ingresso de visitantes.<\/a>\u00a0<\/span><\/li>\n<\/ul>\n<\/li>\n<\/ul>\n<p><strong>PLANO ESTADUAL DE ATENDIMENTO SOCIOEDUCATIVO:<\/strong><\/p>\n<ul>\n<li style=\"list-style-type: none;\">\n<ul>\n<li><span style=\"color: #3366ff;\"><a style=\"color: #3366ff;\" title=\"01_PLANO ESTADUAL DE ATENDIMENTO SOCIOEDUCATIVO 2015\" href=\"https:\/\/www.sap.sc.gov.br\/en\/download\/01_plano-estadual-de-atendimento-socioeducativo-2015\/\" target=\"_blank\" rel=\"noopener\">PLANO ESTADUAL DE ATENDIMENTO SOCIOEDUCATIVO<\/a><\/span><\/li>\n<\/ul>\n<\/li>\n<\/ul>\n<p><strong>NORMAS COMPLEMENTARES PARA ORGANIZA\u00c7\u00c3O E FUNCIONAMENTO DO SISTEMA DE ATENDIMENTO SOCIOEDUCATIVO CATARINENSE REGIME RESTRITIO E PRIVATIVO DE LIBERDADE:<\/strong><\/p>\n<ul>\n<li style=\"list-style-type: none;\">\n<ul>\n<li><span style=\"color: #3366ff;\"><a style=\"color: #3366ff;\" href=\"https:\/\/www.sap.sc.gov.br\/en\/download\/01_normas-complementares-para-organizacao-e-funcionamento-do-sistema-de-atendimento-socioeducativo-catarinense-regime-restritivo-e-privativo-de-liberdade\/\" target=\"_blank\" rel=\"noopener\">NORMAS COMPLEMENTARES PARA ORGANIZA\u00c7\u00c3O E FUNCIONAMENTO DO SISTEMA DE ATENDIMENTO SOCIOEDUCATIVO CATARINENSE &#8211; REGIME RESTRITIVO E PRIVATIVO DE LIBERDADE<\/a><\/span><\/li>\n<\/ul>\n<\/li>\n<\/ul>\n<p><strong>DEASE &#8211; NOTA OFICIAL CONJUNTA N\u00ba 01\/2021 &#8211; DEASE\/SAP\/SC\/DAPS\/NES\/SES:<\/strong><\/p>\n<ul>\n<li style=\"list-style-type: none;\">\n<ul>\n<li><span style=\"color: #3366ff;\"><a style=\"color: #3366ff;\" href=\"https:\/\/www.sap.sc.gov.br\/en\/download\/01_doe_22336_portaria_2229-2\/\" target=\"_blank\" rel=\"noopener\">PORTARIA N\u00ba 2229\/2024 &#8211;\u00a0NOTA OFICIAL CONJUNTA N\u00ba 01\/2021 &#8211; DEASE\/SAP\/SC\/DAPS\/NES\/SES<\/a><\/span><\/li>\n<\/ul>\n<\/li>\n<\/ul>\n<p>&nbsp;<\/p>\n<p><a href=\"https:\/\/sejuri.sc.gov.br\/download\/manual-de-identidade-visual-2025\/\" target=\"_blank\" rel=\"noopener\">MANUAL DE IDENTIDADE VISUAL<\/a><\/p>\n<p><a href=\"https:\/\/sejuri.sc.gov.br\/download\/retificacao-manual-dease\/\" target=\"_blank\" rel=\"noopener\">RETIFICA\u00c7\u00c3O DO MANUAL DE IDENTIDADE VISUAL<\/a><\/p>\n<p><strong><span dir=\"ltr\">CARTILHA &#8211; DIREITOS E DEVERES DOS ADOLESCENTES EM <\/span><span dir=\"ltr\">CUMPRIMENTO DE MEDIDA SOCIOEDUCATIVA DE PRIVA\u00c7\u00c3O DE LIBERDADE.<\/span><\/strong><\/p>\n<ul>\n<li style=\"list-style-type: none;\">\n<ul>\n<li><a href=\"https:\/\/sejuri.sc.gov.br\/download\/cartilha-dease_\/\" target=\"_blank\" rel=\"noopener\"><span dir=\"ltr\">Cartilha &#8211; Direitos e Deveres dos adolescentes em cumprimento de <\/span><span dir=\"ltr\">medida socioeducativa de priva\u00e7\u00e3o de liberdade.<\/span><\/a><\/li>\n<\/ul>\n<\/li>\n<\/ul>\n<p><strong><span dir=\"ltr\">RELAT\u00d3RIO-DIAGN\u00d3STICO DAS DEN\u00daNCIAS DE TORTURA E <\/span><span dir=\"ltr\">OUTROS <\/span><span dir=\"ltr\">TRATAMENTOS <\/span><span dir=\"ltr\">CRU\u00c9IS, <\/span><span dir=\"ltr\">DESUMANOS <\/span><span dir=\"ltr\">OU <\/span><span dir=\"ltr\">DEGRADANTES <\/span><span dir=\"ltr\">REPORTADAS AOS \u00d3RG\u00c3OS INTEGRANTES DO GRUPO INTERINSTITUCIONAL.<\/span><\/strong><\/p>\n<ul>\n<li style=\"list-style-type: none;\">\n<ul>\n<li><a href=\"https:\/\/sejuri.sc.gov.br\/download\/relatorio-dease_\/\" target=\"_blank\" rel=\"noopener\"><span dir=\"ltr\">Relat\u00f3rio-Diagn\u00f3stico das den\u00fancias de tortura e outros tratamentos <\/span><span dir=\"ltr\">cru\u00e9is, desumanos ou degradantes.<\/span><\/a><\/li>\n<\/ul>\n<\/li>\n<\/ul>","protected":false},"excerpt":{"rendered":"<p>PLANO DE CARREIRA E VENCIMENTOS DO CARGO DE AGENTE DE SEGURAN\u00c7A SOCIOEDUCATIVO E REGULAMENTOS: LEI COMPLEMENTAR n\u00ba 777, de 14 de dezembro de 2021, que Disp\u00f5e sobre o Plano de Carreira e Vencimentos do cargo de Agente de Seguran\u00e7a Socioeducativo do Quadro de Pessoal da SAP DECRETO n\u00ba 2332, de 2 de dezembro de 2022, [&hellip;]<\/p>\n","protected":false},"author":9,"featured_media":0,"comment_status":"closed","ping_status":"closed","sticky":false,"template":"","format":"standard","meta":{"_monsterinsights_skip_tracking":false,"_monsterinsights_sitenote_active":false,"_monsterinsights_sitenote_note":"","_monsterinsights_sitenote_category":0,"footnotes":"","_wp_rev_ctl_limit":""},"categories":[1348],"tags":[],"publishpress_future_action":{"enabled":false,"date":"2026-05-07 17:49:26","action":"change-status","newStatus":"draft","terms":[],"taxonomy":"category"},"publishpress_future_workflow_manual_trigger":{"enabledWorkflows":[]},"_links":{"self":[{"href":"https:\/\/www.sap.sc.gov.br\/en\/wp-json\/wp\/v2\/posts\/18077"}],"collection":[{"href":"https:\/\/www.sap.sc.gov.br\/en\/wp-json\/wp\/v2\/posts"}],"about":[{"href":"https:\/\/www.sap.sc.gov.br\/en\/wp-json\/wp\/v2\/types\/post"}],"author":[{"embeddable":true,"href":"https:\/\/www.sap.sc.gov.br\/en\/wp-json\/wp\/v2\/users\/9"}],"replies":[{"embeddable":true,"href":"https:\/\/www.sap.sc.gov.br\/en\/wp-json\/wp\/v2\/comments?post=18077"}],"version-history":[{"count":5,"href":"https:\/\/www.sap.sc.gov.br\/en\/wp-json\/wp\/v2\/posts\/18077\/revisions"}],"predecessor-version":[{"id":24263,"href":"https:\/\/www.sap.sc.gov.br\/en\/wp-json\/wp\/v2\/posts\/18077\/revisions\/24263"}],"wp:attachment":[{"href":"https:\/\/www.sap.sc.gov.br\/en\/wp-json\/wp\/v2\/media?parent=18077"}],"wp:term":[{"taxonomy":"category","embeddable":true,"href":"https:\/\/www.sap.sc.gov.br\/en\/wp-json\/wp\/v2\/categories?post=18077"},{"taxonomy":"post_tag","embeddable":true,"href":"https:\/\/www.sap.sc.gov.br\/en\/wp-json\/wp\/v2\/tags?post=18077"}],"curies":[{"name":"wp","href":"https:\/\/api.w.org\/{rel}","templated":true}]}}