{"id":18075,"date":"2024-04-19T11:36:42","date_gmt":"2024-04-19T14:36:42","guid":{"rendered":"https:\/\/sap-prod.apps.okd4.ciasc.sc.gov.br\/?p=18075"},"modified":"2026-04-15T14:18:04","modified_gmt":"2026-04-15T17:18:04","slug":"temas-dpp","status":"publish","type":"post","link":"https:\/\/www.sap.sc.gov.br\/en\/temas-dpp\/","title":{"rendered":"DPP"},"content":{"rendered":"<p><strong>ESTATUTO DA POL\u00cdCIA PENAL DE SANTA CATARINA E REGULAMENTOS AFINS:<\/strong><\/p>\n<ul>\n<li style=\"list-style-type: none;\">\n<ul>\n<li><span style=\"color: #3366ff;\"><a style=\"color: #3366ff;\" href=\"https:\/\/www.sap.sc.gov.br\/en\/download\/01_lei-complementar-no-774-de-27-de-outubro-de-2021-que-dispoe-sobre-o-estatuto-da-policia-penal-do-estado-de-santa-catarina-e-estabelece-outras-providencias-pdf\/\" target=\"_blank\" rel=\"noopener\">LEI COMPLEMENTAR n\u00ba 774, de 27 de outubro de 2021, que Disp\u00f5e sobre o Estatuto da Pol\u00edcia Penal do Estado de Santa Catarina e estabelece outras provid\u00eancias<\/a><\/span><\/li>\n<li><span style=\"color: #3366ff;\"><a style=\"color: #3366ff;\" href=\"https:\/\/www.sap.sc.gov.br\/en\/download\/02_decreto-no-1-841-de-1o-de-abril-de-2022-que-declara-de-interesse-da-administracao-prisional-ou-da-execucao-penal-os-cargos-ou-as-funcoes-ocupadas-por-policiais-penais-nos-orgaos-da-administracao\/\" target=\"_blank\" rel=\"noopener\">DECRETO n\u00ba 1.841, de 1\u00ba de abril de 2022, que declara de interesse da administra\u00e7\u00e3o prisional ou da execu\u00e7\u00e3o penal os cargos ou as fun\u00e7\u00f5es ocupadas por policiais penais nos \u00f3rg\u00e3os da Administra\u00e7\u00e3o P\u00fablica Federal e Estadual que menciona<\/a><\/span><\/li>\n<li><span style=\"color: #3366ff;\"><a style=\"color: #3366ff;\" href=\"https:\/\/www.sap.sc.gov.br\/en\/download\/03_decreto-no-1-731-de-8-de-fevereiro-de-2022-que-regulamenta-a-lei-no-774-de-27-de-outubro-de-2021-pdf\/\" target=\"_blank\" rel=\"noopener\">DECRETO n\u00ba 1.731, de 8 de fevereiro de 2022, que Aprova o Regulamento da Estrutura Organizacional B\u00e1sica da Pol\u00edcia Penal do Estado de Santa Catarina e estabelece outras provid\u00eancias.<\/a><\/span><\/li>\n<\/ul>\n<\/li>\n<\/ul>\n<p><strong>INTERESSE DA ADMINISTRA\u00c7\u00c3O PRISIONAL OU DA EXECU\u00c7\u00c3O PENAL:<\/strong><\/p>\n<ul>\n<li style=\"list-style-type: none;\">\n<ul>\n<li><span style=\"color: #3366ff;\"><a style=\"color: #3366ff;\" href=\"https:\/\/www.sap.sc.gov.br\/en\/download\/01_decreto-no-1-841-de-1o-de-abril-de-2022-declara-de-interesse-da-administracao-prisional-ou-da-execucao-penal-os-cargos-ou-as-funcoes-ocupadas-por-policiais-penais-nos-orgaos-da-administracao-publ\/\" target=\"_blank\" rel=\"noopener\">DECRETO n\u00ba 1.841, de 1\u00ba de abril de 2022, Declara\u00e7\u00e3o de interesse da administra\u00e7\u00e3o prisional ou da execu\u00e7\u00e3o penal os cargos ou as fun\u00e7\u00f5es ocupadas por policiais penais nos \u00f3rg\u00e3os da Administra\u00e7\u00e3o Publica Federal.<\/a><\/span><\/li>\n<\/ul>\n<\/li>\n<\/ul>\n<p><span style=\"color: #000000;\"><strong>MONITORA\u00c7\u00c3O ELETR\u00d4NICA:<\/strong><\/span><\/p>\n<ul>\n<li style=\"list-style-type: none;\">\n<ul>\n<li><span style=\"color: #3366ff;\"><a style=\"color: #3366ff;\" href=\"https:\/\/www.sap.sc.gov.br\/en\/download\/01_decreto-federal-no-7-627-de-24-de-novembro-de-2011-pdf\/\" target=\"_blank\" rel=\"noopener\">DECRETO FEDERAL n\u00ba 7.627, de 24 de novembro de 2011, Regulamenta a monitora\u00e7\u00e3o eletr\u00f4nica de pessoas prevista no Decreto-Lei n 3.689, de 3 de outubro de 1941 &#8211; C\u00f3digo de Processo Penal, e na Lei n\u00ba 7.210, de 11 de julho de 1984 &#8211; Lei de Execu\u00e7\u00e3o Penal<\/a><\/span><\/li>\n<li><span style=\"color: #3366ff;\"><a style=\"color: #3366ff;\" href=\"https:\/\/www.sap.sc.gov.br\/en\/download\/02_codigo-de-processo-penal-pdf\/\" target=\"_blank\" rel=\"noopener\">C\u00d3DIGO DE PROCESSO PENAL<\/a><\/span><\/li>\n<li><span style=\"color: #3366ff;\"><a style=\"color: #3366ff;\" href=\"https:\/\/www.sap.sc.gov.br\/en\/download\/03_resolucao-no-213-de-15-de-dezembro-de-2015-cnj-que-dispoe-sobre-a-apresentacao-de-toda-pessoa-presa-a-autoridade-judicial-no-prazo-de-24-horas-pdf\/\" target=\"_blank\" rel=\"noopener\">RESOLU\u00c7\u00c3O n\u00ba 213, de 15 de dezembro de 2015 CNJ, que disp\u00f5e sobre a apresenta\u00e7\u00e3o de toda pessoa presa \u00e0 autoridade judicial no prazo de 24 horas<\/a><\/span><\/li>\n<li><span style=\"color: #3366ff;\"><a style=\"color: #3366ff;\" href=\"https:\/\/www.planalto.gov.br\/ccivil_03\/_ato2007-2010\/2009\/lei\/l12106.htm\">LEI n\u00ba 12.106, de 2 de dezembro de 2009, Cria, no \u00e2mbito do Conselho Nacional de Justi\u00e7a, o Departamento de Monitoramento e Fiscaliza\u00e7\u00e3o do Sistema Carcer\u00e1rio e do Sistema de Execu\u00e7\u00e3o de Medidas Socioeducativas e d\u00e1 outras provid\u00eancias.<\/a><\/span><\/li>\n<\/ul>\n<\/li>\n<\/ul>\n<p><strong>HONRAS FUNEBRES:<\/strong><\/p>\n<ul>\n<li style=\"list-style-type: none;\">\n<ul>\n<li><span style=\"color: #3366ff;\"><a style=\"color: #3366ff;\" href=\"https:\/\/www.sap.sc.gov.br\/en\/download\/01_portaria-no-1065-de-8-de-setembro-de-2022-dispoe-sobre-as-homenagens-postumas-a-policiais-penais-do-estado-de-santa-catarina-pdf\/\" target=\"_blank\" rel=\"noopener\">PORTARIA n\u00ba 1065, de 8 de setembro de 2022, Disp\u00f5e sobre as homenagens p\u00f3stumas a Policiais Penais do Estado de Santa Catarina<\/a><\/span><\/li>\n<\/ul>\n<\/li>\n<\/ul>\n<p><strong>UNIFORMES:<\/strong><\/p>\n<ul>\n<li style=\"list-style-type: none;\">\n<ul>\n<li><span style=\"color: #3366ff;\"><a style=\"color: #3366ff;\" href=\"https:\/\/sejuri.sc.gov.br\/download\/portaria-no-1979_gabs_sejuri-padronizacao-dos-uniformes-insignias-e-acessorios-de-identificacao-visual-da-policia-penal\/\" target=\"_blank\" rel=\"noopener\">PORTARIA n\u00ba 1979_GABS_SEJURI &#8211; Padroniza\u00e7\u00e3o dos uniformes, ins\u00edgnias e acess\u00f3rios de identifica\u00e7\u00e3o visual da Pol\u00edcia Penal<\/a><\/span><\/li>\n<li><span style=\"color: #3366ff;\"><a style=\"color: #3366ff;\" href=\"https:\/\/www.sap.sc.gov.br\/en\/download\/01_portaria-no-0310_gabs_sap-uniformes-utilizados-pelos-policiais-penais-pdf\/\" target=\"_blank\" rel=\"noopener\">PORTARIA n\u00ba 0310_GABS_SAP &#8211; Uniformes utilizados pelos Policiais Penais <span style=\"color: #ff0000;\">(REVOGADO)<\/span><\/a><\/span><\/li>\n<\/ul>\n<\/li>\n<\/ul>\n<p><strong>ROTINAS ADMINISTRATIVAS DAS UNIDADES PRISIONAIS:<\/strong><\/p>\n<ul>\n<li style=\"list-style-type: none;\">\n<ul>\n<li><span style=\"color: #3366ff;\"><a style=\"color: #3366ff;\" title=\"01_LEI COMPLEMENTAR N\u00ba 529, de 17 de janeiro de 2011, que Aprova o Regimento Interno dos Estabelecimentos Penais do Estado de Santa Catarina.\" href=\"https:\/\/www.sap.sc.gov.br\/en\/download\/01_lei-complementar-no-529-de-17-de-janeiro-de-2011-que-aprova-o-regimento-interno-dos-estabelecimentos-penais-do-estado-de-santa-catarina\/\" target=\"_blank\" rel=\"noopener\">LEI COMPLEMENTAR n\u00ba 529, de 17 de Janeiro de 2011, que Aprova o Regimento Interno dos Estabelecimentos Penais do Estado de Santa Catarina<\/a><\/span><\/li>\n<li><span style=\"color: #3366ff;\"><a style=\"color: #3366ff;\" title=\"02_PORTARIA N\u00ba 1057, de 26 de setembro de 2023, que Disp\u00f5e sobre os procedimentos operacionais de seguran\u00e7a e administrativos a serem adotados por policiais penais nas unidades prisionais do Estado de S\" href=\"https:\/\/www.sap.sc.gov.br\/en\/download\/02_portaria-no-1057-de-26-de-setembro-de-2023-que-dispoe-sobre-os-procedimentos-operacionais-de-seguranca-e-administrativos-a-serem-adotados-por-policiais-penais-nas-unidades-prisionais-do-estado-de\/\" target=\"_blank\" rel=\"noopener\">PORTARIA n\u00ba 1057, de 26 de Setembro de 2023, que disp\u00f5e sobre os procedimentos operacionais de seguran\u00e7a e administrativos a serem adotados por policiais penais da unidades prisionais do Estado de Santa Catarina <span style=\"color: #ff0000;\">(REVOGADO)<\/span><\/a><\/span><\/li>\n<li><span style=\"color: #3366ff;\"><a style=\"color: #3366ff;\" href=\"https:\/\/sejuri.sc.gov.br\/download\/portaria-2189-2025-procedimentos-operacionais-dpp\/\" target=\"_blank\" rel=\"noopener\">PORTARIA n\u00ba 2189\/GABS\/SEJURI\/2025, Disp\u00f5e sobre os procedimentos operacionais de seguran\u00e7a e administrativos a serem adotados nos estabelecimentos penais e unidades policiais penais do Estado de Santa Catarina no \u00e2mbito do Departamento de Pol\u00edcia Penal (DPP) e d\u00e1 outras provid\u00eancias.<\/a><\/span><\/li>\n<\/ul>\n<\/li>\n<\/ul>\n<p><strong>APERFEI\u00c7OAMENTO DO PESSOAL:<\/strong><\/p>\n<ul>\n<li style=\"list-style-type: none;\">\n<ul>\n<li>\n<div><span style=\"color: #3366ff;\"><a style=\"color: #3366ff;\" title=\"01_PORTARIA n\u00ba 477_GABS_SAP. Regulamenta a participa\u00e7\u00e3o dos servidores da Secretaria de Estado da Administra\u00e7\u00e3o Prisional e Socioeducativa selecionados nos cursos de Especializa\u00e7\u00e3o, Mestrado e Doutorado\" href=\"https:\/\/www.sap.sc.gov.br\/en\/download\/01_portaria-no-477_gabs_sap-regulamenta-a-participacao-dos-servidores-da-secretaria-de-estado-da-administracao-prisional-e-socioeducativa-selecionados-nos-cursos-de-especializacao-mestrado-e-doutora\/\" target=\"_blank\" rel=\"noopener\">PORTARIA n\u00ba 0477\/GABS\/SAP, Regulamenta a participa\u00e7\u00e3o dos servidores da Secretaria de Estado da Administra\u00e7\u00e3o Prisional e Socioeducativa selecionados nos cursos de\u00a0 especializa\u00e7\u00e3o, Mestrado e Doutorado do programa SAPCi\u00eancia<\/a><\/span><\/div>\n<\/li>\n<\/ul>\n<\/li>\n<\/ul>\n<p><strong>PROTEGE:<\/strong><\/p>\n<ul>\n<li style=\"list-style-type: none;\">\n<ul>\n<li><span style=\"color: #3366ff;\"><a style=\"color: #3366ff;\" title=\"01_PORTARIA n\u00ba 297, de 24 de agosto de 2018, plano de trabalho e presta\u00e7\u00e3o de contas\" href=\"https:\/\/www.sap.sc.gov.br\/en\/download\/01_portaria-no-297-de-24-de-agosto-de-2018-plano-de-trabalho-e-prestacao-de-contas\/\" target=\"_blank\" rel=\"noopener\">PORTARIA n\u00ba 297, de 24 de agosto de 2018, Disp\u00f5e sobre crit\u00e9rios de parametriza\u00e7\u00e3o para composi\u00e7\u00e3o do plano de trabalho e presta\u00e7\u00e3o de contas dos programas de prote\u00e7\u00e3o no \u00e2mbito do Minist\u00e9rio dos Direitos Humanos.<\/a><\/span><\/li>\n<li><span style=\"color: #3366ff;\"><a style=\"color: #3366ff;\" title=\"02_PORTARIA CONJUNTA n\u00ba 1.772, de 16 de agosto de 2011, manual de procedimentos\" href=\"https:\/\/www.sap.sc.gov.br\/en\/download\/02_portaria-conjunta-no-1-772-de-16-de-agosto-de-2011-manual-de-procedimentos\/\" target=\"_blank\" rel=\"noopener\">PORTARIA CONJUNTA n\u00ba 1772, de 16 de agosto de 2011, D\u00e1 publicidade ao Manual Geral de Procedimentos do Sistema Nacional de Prote\u00e7\u00e3o a V\u00edtimas e Testemunhas Amea\u00e7adas.<\/a><\/span><\/li>\n<li><span style=\"color: #3366ff;\"><a style=\"color: #3366ff;\" title=\"03_LEI n\u00ba 11.906, de 25 de setembro de 2001, programa estadual\" href=\"https:\/\/www.sap.sc.gov.br\/en\/download\/03_lei-no-11-906-de-25-de-setembro-de-2001-programa-estadual\/\" target=\"_blank\" rel=\"noopener\">LEI n\u00ba 11.906, de 25 de setembro de 2001, Institui o Programa Estadual de Prote\u00e7\u00e3o, Aux\u00edlio e Assist\u00eancia a V\u00edtimas da Viol\u00eancia e a Testemunhas Amea\u00e7adas em Santa Catarina \u2013 PROTEGE-SC \u2013, cria o Fundo de Prote\u00e7\u00e3o, Aux\u00edlio e Assist\u00eancia a V\u00edtimas da Viol\u00eancia e a Testemunhas Amea\u00e7adas \u2013 FUNPROTEGE-SC \u2013 e adota outras provid\u00eancias.<\/a><\/span><\/li>\n<li>\n<div><span style=\"color: #3366ff;\"><a style=\"color: #3366ff;\" title=\"04_LEI n\u00ba 9.807, de 13 de julho de 1999, programa federal\" href=\"https:\/\/www.sap.sc.gov.br\/en\/download\/04_lei-no-9-807-de-13-de-julho-de-1999-programa-federal\/\" target=\"_blank\" rel=\"noopener\">LEI n\u00ba 9.807, de 13 de julho de 1999, Estabelece normas para a organiza\u00e7\u00e3o e a manuten\u00e7\u00e3o de programas especiais de prote\u00e7\u00e3o a v\u00edtimas e a testemunhas amea\u00e7adas, institui o Programa Federal de Assist\u00eancia a V\u00edtimas e a Testemunhas Amea\u00e7adas e disp\u00f5e sobre a prote\u00e7\u00e3o de acusados ou condenados que tenham voluntariamente prestado efetiva colabora\u00e7\u00e3o \u00e0 investiga\u00e7\u00e3o policial e ao processo criminal.<\/a><\/span><\/div>\n<\/li>\n<li><span style=\"color: #3366ff;\"><a style=\"color: #3366ff;\" title=\"05_DECRETO n\u00ba 3.518, de 20 de junho de 2000, regulamenta a Lei n\u00ba 9.807, de 13 de julho de 1999\" href=\"https:\/\/www.sap.sc.gov.br\/en\/download\/05_decreto-no-3-518-de-20-de-junho-de-2000-regulamenta-a-lei-no-9-807-de-13-de-julho-de-1999\/\" target=\"_blank\" rel=\"noopener\">DECRETO n\u00ba 3.518, de 20 de junho de 2000, Regulamenta o Programa Federal de Assist\u00eancia a V\u00edtimas e a Testemunhas Amea\u00e7adas, institu\u00eddo pelo art. 12 da Lei n o 9.807, de 13 de julho de 1999, e disp\u00f5e sobre a atua\u00e7\u00e3o da Pol\u00edcia Federal nas hip\u00f3teses previstas nos arts. 2o, \u00a7 2o,4o, \u00a7 2o, 5o, \u00a7 3o, e 15 da referida Lei.<\/a><\/span><\/li>\n<\/ul>\n<\/li>\n<\/ul>\n<p><strong>CANIL E C\u00c3ES:<\/strong><\/p>\n<ul>\n<li style=\"list-style-type: none;\">\n<ul>\n<li><span style=\"color: #3366ff;\"><a style=\"color: #3366ff;\" title=\"01_LEI N\u00ba 18.572, de 23 de dezembro de 2022, Disp\u00f5e sobre o direito de os servidores p\u00fablicos dos \u00f3rg\u00e3os e das institui\u00e7\u00f5es integrantes do Colegiado Superior de Seguran\u00e7a P\u00fablica e Per\u00edcia Oficial (CSSP\" href=\"https:\/\/www.sap.sc.gov.br\/en\/download\/01_lei-no-18-572-de-23-de-dezembro-de-2022-dispoe-sobre-o-direito-de-os-servidores-publicos-dos-orgaos-e-das-instituicoes-integrantes-do-colegiado-superior-de-seguranca-publica-e-pericia-oficial-cs\/\" target=\"_blank\" rel=\"noopener\">LEI n\u00ba 18.572, de 23 de dezembro de 2022, Disp\u00f5e sobre o direito de os servidores p\u00fablicos dos \u00f3rg\u00e3os e das institui\u00e7\u00f5es integrantes do Colegiado Superior de Seguran\u00e7a P\u00fablica e Per\u00edcia Oficial (CSSP)<\/a><\/span><\/li>\n<li><span style=\"color: #3366ff;\"><a style=\"color: #3366ff;\" title=\"02_PORTARIA N\u00ba 745, de 16 de setembro de 2019, Institui o Grupo de Opera\u00e7\u00f5es com C\u00e3es, setor integrante da Coordenadoria de Opera\u00e7\u00f5es, para atuar no \u00e2mbito do Sistema Prisional Catarinense\" href=\"https:\/\/www.sap.sc.gov.br\/en\/download\/02_portaria-no-745-de-16-de-setembro-de-2019-institui-o-grupo-de-operacoes-com-caes-setor-integrante-da-coordenadoria-de-operacoes-para-atuar-no-ambito-do-sistema-prisional-catarinense\/\" target=\"_blank\" rel=\"noopener\">PORTARIA n\u00ba 745, de 16 de setembro de 2019, Institui o Grupo de Opera\u00e7\u00f5es com C\u00e3es, setor integrante da Coordenadoria de Opera\u00e7\u00f5es, para atuar no \u00e2mbito do Sistema Prisional Catarinense<\/a><\/span><\/li>\n<li><span style=\"color: #3366ff;\"><a style=\"color: #3366ff;\" title=\"03_PORTARIA N\u00ba 1384, de 26 de setembro de 2022, Regulamenta a Divis\u00e3o de Opera\u00e7\u00f5es com C\u00e3es (DOC), setor integrante da Superintend\u00eancia de Seguran\u00e7a e Opera\u00e7\u00f5es (SEOP), do Departamento de Pol\u00edcia Penal\" href=\"https:\/\/www.sap.sc.gov.br\/en\/download\/03_portaria-no-1384-de-26-de-setembro-de-2022-regulamenta-a-divisao-de-operacoes-com-caes-doc-setor-integrante-da-superintendencia-de-seguranca-e-operacoes-seop-do-departamento-de-policia-pena\/\" target=\"_blank\" rel=\"noopener\">PORTARIA n\u00ba 1384, de 26 de setembro de 2022, Regulamenta a Divis\u00e3o de Opera\u00e7\u00f5es com C\u00e3es (DOC), setor integrante da Superintend\u00eancia de Seguran\u00e7a e Opera\u00e7\u00f5es (SEOP), do Departamento de Pol\u00edcia Penal<\/a><\/span><\/li>\n<li><a title=\"01_PORTARIA N\u00ba 1129, de 19 de setembro de 2022, Criar as diretrizes sobre o uso e trabalho com c\u00e3es na Pol\u00edcia Penal de Santa Catarina\" href=\"https:\/\/www.sap.sc.gov.br\/en\/download\/01_portaria-no-1129-de-19-de-setembro-de-2022-criar-as-diretrizes-sobre-o-uso-e-trabalho-com-caes-na-policia-penal-de-santa-catarina\/\" target=\"_blank\" rel=\"noopener\"><span style=\"color: #3366ff;\">PORTARIA n\u00ba 1129, de 19 de setembro de 2022, Criar as diretrizes sobre o uso e trabalho com c\u00e3es na Pol\u00edcia Penal de Santa Catarina<\/span><\/a><\/li>\n<li><span style=\"color: #3366ff;\"><a style=\"color: #3366ff;\" title=\"05_PORTARIA N\u00ba 1177_GABS_SAP, de 22 de outubro de 2020, Institui a Divis\u00e3o de Opera\u00e7\u00f5es com C\u00e3es \u2013 DOC, setor integrante do Departamento de Administra\u00e7\u00e3o Prisional, para atuar no \u00e2mbito do Sistema Prisi\" href=\"https:\/\/www.sap.sc.gov.br\/en\/download\/05_portaria-no-1177_gabs_sap-de-22-de-outubro-de-2020-institui-a-divisao-de-operacoes-com-caes-doc-setor-integrante-do-departamento-de-administracao-prisional-para-atuar-no-ambito-do-sistema-pri\/\" target=\"_blank\" rel=\"noopener\">PORTARIA n\u00ba 1177_GABS_SAP, de 22 de outubro de 2020, Institui a Divis\u00e3o de Opera\u00e7\u00f5es com C\u00e3es &#8211; DOC, setor integrante do Departamento de Administra\u00e7\u00e3o Prisional, para atuar no \u00e2mbito do Sistema Prisional<\/a><\/span><\/li>\n<li><span style=\"color: #3366ff;\"><a style=\"color: #3366ff;\" title=\"06_PORTARIA N\u00ba 1326_GABS_ACADEJUC_SJC, de 11 de setembro de 2018, Estabelece regras para o funcionamento das atividades com uso de c\u00e3es no \u00e2mbito do Departamento de Administra\u00e7\u00e3o Prisional\" href=\"https:\/\/www.sap.sc.gov.br\/en\/download\/06_portaria-no-1326_gabs_acadejuc_sjc-de-11-de-setembro-de-2018-estabelece-regras-para-o-funcionamento-das-atividades-com-uso-de-caes-no-ambito-do-departamento-de-administracao-prisional\/\" target=\"_blank\" rel=\"noopener\">PORTARIA n\u00ba 1326_GABS_ACADEJUC_SJC, de 11 de setembro de 2018, Estabelece regras para o funcionamento das atividades com uso de c\u00e3es no \u00e2mbito do Departamento de Administra\u00e7\u00e3o Prisional<\/a><\/span><\/li>\n<\/ul>\n<\/li>\n<\/ul>\n<p><strong>SEGURAN\u00c7A M\u00c1XIMA:<\/strong><\/p>\n<ul>\n<li style=\"list-style-type: none;\">\n<ul>\n<li><span style=\"color: #3366ff;\"><a style=\"color: #3366ff;\" title=\"01_LEI N\u00ba 11.671, de 8 de maio de 2008, Disp\u00f5e sobre a transfer\u00eancia e inclus\u00e3o de presos em estabelecimentos penais federais de seguran\u00e7a m\u00e1xima e d\u00e1 outras provid\u00eancias\" href=\"https:\/\/www.sap.sc.gov.br\/en\/download\/01_lei-no-11-671-de-8-de-maio-de-2008-dispoe-sobre-a-transferencia-e-inclusao-de-presos-em-estabelecimentos-penais-federais-de-seguranca-maxima-e-da-outras-providencias\/\" target=\"_blank\" rel=\"noopener\">LEI n\u00ba 11.671, de 8 de maio de 2008, Disp\u00f5e sobre a transfer\u00eancia e inclus\u00e3o de presos em estabelecimentos penais federais de seguran\u00e7a m\u00e1xima e d\u00e1 outras provid\u00eancias<\/a><\/span><\/li>\n<\/ul>\n<\/li>\n<\/ul>","protected":false},"excerpt":{"rendered":"<p>ESTATUTO DA POL\u00cdCIA PENAL DE SANTA CATARINA E REGULAMENTOS AFINS: LEI COMPLEMENTAR n\u00ba 774, de 27 de outubro de 2021, que Disp\u00f5e sobre o Estatuto da Pol\u00edcia Penal do Estado de Santa Catarina e estabelece outras provid\u00eancias DECRETO n\u00ba 1.841, de 1\u00ba de abril de 2022, que declara de interesse da administra\u00e7\u00e3o prisional ou da [&hellip;]<\/p>\n","protected":false},"author":9,"featured_media":0,"comment_status":"closed","ping_status":"closed","sticky":false,"template":"","format":"standard","meta":{"_monsterinsights_skip_tracking":false,"_monsterinsights_sitenote_active":false,"_monsterinsights_sitenote_note":"","_monsterinsights_sitenote_category":0,"footnotes":"","_wp_rev_ctl_limit":""},"categories":[1348],"tags":[],"publishpress_future_action":{"enabled":false,"date":"2026-05-07 17:47:51","action":"change-status","newStatus":"draft","terms":[],"taxonomy":"category"},"publishpress_future_workflow_manual_trigger":{"enabledWorkflows":[]},"_links":{"self":[{"href":"https:\/\/www.sap.sc.gov.br\/en\/wp-json\/wp\/v2\/posts\/18075"}],"collection":[{"href":"https:\/\/www.sap.sc.gov.br\/en\/wp-json\/wp\/v2\/posts"}],"about":[{"href":"https:\/\/www.sap.sc.gov.br\/en\/wp-json\/wp\/v2\/types\/post"}],"author":[{"embeddable":true,"href":"https:\/\/www.sap.sc.gov.br\/en\/wp-json\/wp\/v2\/users\/9"}],"replies":[{"embeddable":true,"href":"https:\/\/www.sap.sc.gov.br\/en\/wp-json\/wp\/v2\/comments?post=18075"}],"version-history":[{"count":2,"href":"https:\/\/www.sap.sc.gov.br\/en\/wp-json\/wp\/v2\/posts\/18075\/revisions"}],"predecessor-version":[{"id":24564,"href":"https:\/\/www.sap.sc.gov.br\/en\/wp-json\/wp\/v2\/posts\/18075\/revisions\/24564"}],"wp:attachment":[{"href":"https:\/\/www.sap.sc.gov.br\/en\/wp-json\/wp\/v2\/media?parent=18075"}],"wp:term":[{"taxonomy":"category","embeddable":true,"href":"https:\/\/www.sap.sc.gov.br\/en\/wp-json\/wp\/v2\/categories?post=18075"},{"taxonomy":"post_tag","embeddable":true,"href":"https:\/\/www.sap.sc.gov.br\/en\/wp-json\/wp\/v2\/tags?post=18075"}],"curies":[{"name":"wp","href":"https:\/\/api.w.org\/{rel}","templated":true}]}}