{"id":18072,"date":"2024-04-19T11:35:57","date_gmt":"2024-04-19T14:35:57","guid":{"rendered":"https:\/\/sap-prod.apps.okd4.ciasc.sc.gov.br\/?p=18072"},"modified":"2025-01-23T17:17:51","modified_gmt":"2025-01-23T20:17:51","slug":"temas-sap","status":"publish","type":"post","link":"https:\/\/www.sap.sc.gov.br\/en\/temas-sap\/","title":{"rendered":"SEJURI"},"content":{"rendered":"<p><strong>C\u00d3DIGO PENAL:<\/strong><\/p>\n<ul>\n<li style=\"list-style-type: none;\">\n<ul>\n<li><a style=\"color: #3366ff;\" href=\"https:\/\/www.sap.sc.gov.br\/en\/download\/01_codigo-penal-pdf\/\" target=\"_blank\" rel=\"noopener\">C\u00d3DIGO PENAL<\/a><\/li>\n<\/ul>\n<\/li>\n<\/ul>\n<p><strong>C\u00d3DIGO DE PROCESSO PENAL:<\/strong><\/p>\n<ul>\n<li style=\"list-style-type: none;\">\n<ul>\n<li><span style=\"color: #3366ff;\"><a style=\"color: #3366ff;\" href=\"https:\/\/www.planalto.gov.br\/ccivil_03\/Decreto-Lei\/Del3689.htm\">C\u00d3DIGO DE PROCESSO PENAL<\/a><\/span><\/li>\n<\/ul>\n<\/li>\n<\/ul>\n<p><strong>LEI DE EXECU\u00c7\u00c3O PENAL:<\/strong><\/p>\n<ul>\n<li style=\"list-style-type: none;\">\n<ul>\n<li><a style=\"color: #3366ff;\" href=\"https:\/\/www.planalto.gov.br\/ccivil_03\/leis\/l7210.htm\" target=\"_blank\" rel=\"noopener\">LEI n\u00ba7.210, de 11 de julho de 1984, que institui a Lei de Execu\u00e7\u00e3o Penal<\/a><\/li>\n<\/ul>\n<\/li>\n<\/ul>\n<p><strong>ESTATUTO DA CRIAN\u00c7A E ADOLESCENTE:<\/strong><\/p>\n<ul>\n<li style=\"list-style-type: none;\">\n<ul>\n<li>\u00a0<span style=\"color: #3366ff;\"><a style=\"color: #3366ff;\" href=\"https:\/\/www.planalto.gov.br\/ccivil_03\/leis\/L8069.htm\">LEI n\u00ba 8.069, de 13 de julho de 1990, Estatuto da Crian\u00e7a e do Adolescente.<\/a><\/span><\/li>\n<\/ul>\n<\/li>\n<\/ul>\n<p><strong>SISTEMA NACIONAL DE ATENDIMENTO SOCIOEDUCATIVO:<\/strong><\/p>\n<ul>\n<li style=\"list-style-type: none;\">\n<ul>\n<li><a style=\"color: #3366ff;\" href=\"https:\/\/www.planalto.gov.br\/ccivil_03\/_ato2011-2014\/2012\/lei\/l12594.htm\">LEI n\u00ba 12.594, de 18 de janeiro de 2012, Sistema Nacional de Atendimento Socioeducativo<\/a><\/li>\n<\/ul>\n<\/li>\n<\/ul>\n<p><strong>FUNDO PENITENCI\u00c1RIO:<\/strong><\/p>\n<ul>\n<li style=\"list-style-type: none;\">\n<ul>\n<li><a style=\"color: #3366ff;\" href=\"http:\/\/leis.alesc.sc.gov.br\/html\/1996\/10220_1996_lei.html\" target=\"_blank\" rel=\"noopener\">LEI n\u00ba 10.220, de 24 de setembro de 1996, Institui o Fundo Penitenci\u00e1rio do Estado de Santa Catarina &#8211; FUPESC altera a Lei n\u00ba 7.541, de 30 de dezembro de 1988, e d\u00e1 outras provid\u00eancias.<\/a><\/li>\n<\/ul>\n<\/li>\n<\/ul>\n<p><strong>LEI GERAL DE PROTE\u00c7\u00c3O DE DADOS:<\/strong><\/p>\n<ul>\n<li style=\"list-style-type: none;\">\n<ul>\n<li><a style=\"color: #3366ff;\" href=\"http:\/\/leis.alesc.sc.gov.br\/html\/2022\/18571_2022_lei.html\" target=\"_blank\" rel=\"noopener\">LEI n\u00ba 18.571, de 14 de agosto de 2018, Lei Geral de Prote\u00e7\u00e3o de Dados Pessoais<\/a><\/li>\n<li><a style=\"color: #3366ff;\" href=\"https:\/\/www.sap.sc.gov.br\/en\/download\/01_decreto-no-1-184-de-01-de-marco-de-2021\/\" target=\"_blank\" rel=\"noopener\">DECRETO n\u00ba 1.184, de 1 de mar\u00e7o de 2021, disp\u00f5e sobre proposi\u00e7\u00f5es gerais objetivando a implementa\u00e7\u00e3o da Lei federal n\u00ba 13.709 de 2018, no \u00e2mbito do Poder Executivo Estadual<\/a><\/li>\n<li><a style=\"color: #3366ff;\" href=\"https:\/\/www.sap.sc.gov.br\/en\/download\/02_portaria-no-2872-2023-pdf\/\" target=\"_blank\" rel=\"noopener\">PORTARIA n\u00ba 2.872-2023<\/a><\/li>\n<\/ul>\n<\/li>\n<\/ul>\n<p><strong>VIOL\u00caNCIA DOM\u00c9STICA E FAMILIAR CONTRA MULHER:<\/strong><\/p>\n<ul>\n<li style=\"list-style-type: none;\">\n<ul>\n<li><span style=\"color: #3366ff;\"><a style=\"color: #3366ff;\" href=\"https:\/\/www.planalto.gov.br\/ccivil_03\/_Ato2004-2006\/2006\/ Lei\/L11340.htm\">LEI n\u00ba 11.340, de 7 de agosto de 2006, Cria mecanismos para coibir a viol\u00eancia dom\u00e9stica e familiar contra a mulher, nos termos do \u00a7 8\u00ba do art. 226 da Constitui\u00e7\u00e3o Federal, da conven\u00e7\u00e3o sobre a Elimina\u00e7\u00e3o de Todas as Formas de Discrimina\u00e7\u00e3o contra as Mulheres e da Conven\u00e7\u00e3o Interamericana para Prevenir, Punir e Erradicar a Viol\u00eancia contra a Mulher; disp\u00f5e sobre a cria\u00e7\u00e3o dos Juizados de Viol\u00eancia Dom\u00e9stica e Familiar contra a Mulher; altera o C\u00f3digo de Processo Penal, o C\u00f3digo Penal e a Lei de Execu\u00e7\u00e3o Penal; e d\u00e1 outras provid\u00eancias.<\/a><\/span><\/li>\n<\/ul>\n<\/li>\n<\/ul>\n<p><strong>PLANO DE CARREIRA E VENCIMENTOS SERVIDORES SAP:<\/strong><\/p>\n<ul>\n<li style=\"list-style-type: none;\">\n<ul>\n<li>\n<div><span style=\"color: #3366ff;\"><a style=\"color: #3366ff;\" href=\"http:\/\/leis.alesc.sc.gov.br\/html\/2016\/675_2016_Lei_comple mentar.html\">LEI COMPLEMENTAR n\u00ba 675, de 3 de junho 2016, Institui o Plano de Carreira e Vencimentos dos cargos de Agente Penitenci\u00e1rio e Agente de Seguran\u00e7a Socioeducativo do Quadro de Pessoal da Secretaria de Estado da Justi\u00e7a e cidadania (SJC) e estabelece outras provid\u00eancias. <span style=\"color: #ff0000;\">(REVOGADA PARCIALMENTE)<\/span><\/a><\/span><\/div>\n<\/li>\n<li><span style=\"color: #3366ff;\"><a style=\"color: #3366ff;\" href=\"https:\/\/www.sap.sc.gov.br\/en\/download\/02_decreto-no-1630-de-11-de-junho-de-2018-regulamenta-e-disciplina-o-desenvolvimento-funcional-nas-modalidades-de-progressao-funcional-e-progressao-extraordinaria-para-os-cargos-de-agente-penitencia\/\">DECRETO n\u00ba 1.630, de 11 de junho de 2018, Regulamenta e disciplina o desenvolvimento funcional nas modalidades de progress\u00e3o funcional e progress\u00e3o extraordin\u00e1ria para os cargos de Agente Penitenci\u00e1rio e Agente de Seguran\u00e7a Socioeducativo do Quadro de Pessoal da Secretaria de Estado da Justi\u00e7a e Cidadania e estabelece outras provid\u00eancias.\u00a0<\/a><\/span><\/li>\n<li><span style=\"color: #3366ff;\"><a style=\"color: #3366ff;\" title=\"03_DECRETO n\u00ba 1.188, de 13 de junho de 2017, que disp\u00f5e sobre os procedimentos de escolta, vigil\u00e2ncia e interven\u00e7\u00e3o nas unidades de atendimento socioeducativo pertencentes ao Sistema de Atendimento Socioeduc\" href=\"https:\/\/www.sap.sc.gov.br\/en\/download\/03_decreto-no-1-188-de-13-de-junho-de-2017-que-dispoe-sobre-os-procedimentos-de-escolta-vigilancia-e-intervencao-nas-unidades-de-atendimento-socioeducativo-pertencentes-ao-sistema-de-atendimento-so\/\" target=\"_blank\" rel=\"noopener\">DECRETO n\u00ba 1.188, de 13 de junho de 2017, Disp\u00f5e sobre os procedimentos de escolta, vigil\u00e2ncia e interven\u00e7\u00e3o nas unidades de atendimento socioeducativo pertencentes ao Sistema de Atendimento Socioeducativo Estadual. <\/a><\/span><\/li>\n<li><span style=\"color: #3366ff;\"><a style=\"color: #3366ff;\" title=\"04_LEI COMPLEMENTAR N\u00ba 675, de 3 de junho de 2016, que institui o Plano de Carreira e Vencimentos dos cargos de Agente Penitenci\u00e1rio e Agente de Seguran\u00e7a Socioeducativo do Quadro de Pessoal da Secretaria de Est\" href=\"https:\/\/www.sap.sc.gov.br\/en\/download\/01_portaria-no-665-de-13-de-julho-de-2020-suspensao-escoltas-covid\/\" target=\"_blank\" rel=\"noopener\">PORTARIA n\u00ba 665, de 13 de julho de 2020, Determina a suspens\u00e3o da realiza\u00e7\u00e3o de escoltas interestaduais provis\u00f3rias e definitivas, realizadas no \u00e2mbito dos sistemas prisionais e socioeducativos do Estado de Santa Catarina, bem como estabelece exce\u00e7\u00f5es.<\/a><\/span><\/li>\n<li><span style=\"color: #3366ff;\"><a style=\"color: #3366ff;\" title=\"05_DECRETO N\u00ba 1326, de 21 de dezembro de 2012, que disp\u00f5e sobre a regulamenta\u00e7\u00e3o do disposto no art. 61, inciso I, da Lei Complementar n\u00ba 472, de 09 de dezembro de 2009\" href=\"http:\/\/leis.alesc.sc.gov.br\/html\/2009\/472_2009_Lei_comple mentar.html\" target=\"_blank\" rel=\"noopener\">LEI COMPLEMENTAR n\u00ba 472, de 10 de dezembro de 2009, Institui Plano de Carreira e Vencimentos do Grupo Seguran\u00e7a P\u00fablica &#8211; Sistema Prisional e Sistema Socioeducativo da Secretaria Executiva da Justi\u00e7a e Cidadania e estabelece outra provid\u00eancias. <\/a><a style=\"color: #3366ff;\" href=\"https:\/\/www.sap.sc.gov.br\/en\/download\/04_lei-complementar-no-675-de-3-de-junho-de-2016-que-institui-o-plano-de-carreira-e-vencimentos-dos-cargos-de-agente-penitenciario-e-agente-de-seguranca-socioeducativo-do-quadro-de-pessoal-da-secret\/\"><span style=\"color: #ff0000;\">(REVOGADA)<\/span><\/a><\/span><\/li>\n<li><span style=\"color: #3366ff;\"><a style=\"color: #3366ff;\" title=\"06_DECRETO N\u00ba 437, de 16 de agosto de 2011, que regulamenta e disciplina o desenvolvimento funcional na modalidade de promo\u00e7\u00e3o por titula\u00e7\u00e3o dos servidores pertencentes ao Sistema Prisional e ao Sistema Socioedu\" href=\"https:\/\/www.sap.sc.gov.br\/en\/download\/05_decreto-no-1326-de-21-de-dezembro-de-2012-que-dispoe-sobre-a-regulamentacao-do-disposto-no-art-61-inciso-i-da-lei-complementar-no-472-de-09-de-dezembro-de-2009\/\" target=\"_blank\" rel=\"noopener\">DECRETO n\u00ba 1.326, de 21 de dezembro 2012, Disp\u00f5e sobre a regulamenta\u00e7\u00e3o do disposto no art. 61, inciso I, da Lei Complementar n\u00ba 472, de 09 de dezembro de 2009.<\/a><\/span><\/li>\n<li><span style=\"color: #3366ff;\"><a style=\"color: #3366ff;\" title=\"07_LEI COMPLEMENTAR N\u00ba 472, de 10 de dezembro de 2009, que institui Plano de Carreira e Vencimentos do Grupo Seguran\u00e7a P\u00fablica \u2013 Sistema Prisional e Sistema Socioeducativo da Secretaria Executiva da Justi\u00e7a e Ci\" href=\"https:\/\/www.sap.sc.gov.br\/en\/download\/06_decreto-no-437-de-16-de-agosto-de-2011-que-regulamenta-e-disciplina-o-desenvolvimento-funcional-na-modalidade-de-promocao-por-titulacao-dos-servidores-pertencentes-ao-sistema-prisional-e-ao-siste\/\" target=\"_blank\" rel=\"noopener\">DECRETO n\u00ba 437, de 16 de agosto de 2011, Regulamenta e disciplina o desenvolvimento funcional na modalidade de promo\u00e7\u00e3o por titula\u00e7\u00e3o dos servidores pertencentes ao Sistema Prisional e ao Sistema Socioeducativo da Secretaria de Estado da Justi\u00e7a e Cidadania.<\/a><\/span><\/li>\n<li><span style=\"color: #3366ff;\"><a style=\"color: #3366ff;\" title=\"08_LEI COMPLEMENTAR n\u00ba 81, de 1993, que estabelece Diretrizes para a Elabora\u00e7\u00e3o, Implanta\u00e7\u00e3o e Administra\u00e7\u00e3o do Plano de Cargos e Vencimentos do Pessoal Civil da Administra\u00e7\u00e3o Direta, Autarquias e Funda\u00e7\u00f5es do P\" href=\"http:\/\/leis.alesc.sc.gov.br\/html\/1993\/81_1993_lei_complem entar.html\" target=\"_blank\" rel=\"noopener\">LEI COMPLEMENTAR n\u00ba 81, de 10 de mar\u00e7o de 1993, Estabelece Diretrizes para a Elabora\u00e7\u00e3o, Implanta\u00e7\u00e3o e Administra\u00e7\u00e3o do Plano de Cargos e Vencimentos do Pessoal Civil da Administra\u00e7\u00e3o Direta, Autarquias e Funda\u00e7\u00f5es do Poder Executivo e d\u00e1 outras provid\u00eancias.<\/a><\/span><\/li>\n<\/ul>\n<\/li>\n<\/ul>\n<p><strong>USO DE IMAGENS DA INSTITUI\u00c7\u00c3O:<\/strong><\/p>\n<ul>\n<li style=\"list-style-type: none;\">\n<ul>\n<li><a style=\"color: #3366ff;\" href=\"http:\/\/server03.pge.sc.gov.br\/LegislacaoEstadual\/2015\/016 851-011-0-2015-001.htm\" target=\"_blank\" rel=\"noopener\">LEI n\u00ba 16.851, de 17 de dezembro de 2015. Disp\u00f5e sobre o compartilhamento de imagens e sistema de imagens pelo \u00f3rg\u00e3o da Administra\u00e7\u00e3o P\u00fablica Direta e Indireta e Fundacional do Estado de Santa Catarina.<\/a><\/li>\n<li><a style=\"color: #3366ff;\" href=\"https:\/\/www.sap.sc.gov.br\/en\/download\/01_portaria-no-3326-de-22-de-dezembro-de-2023-exposicao-nas-redes-sociais\/\" target=\"_blank\" rel=\"noopener\">PORTARIA n\u00ba 3.326, de 22 de dezembro de 2023. Exposi\u00e7\u00e3o nas redes sociais<\/a><\/li>\n<li><a style=\"color: #3366ff;\" href=\"https:\/\/www.sap.sc.gov.br\/en\/download\/02_portaria-no-0524-de-14-de-junho-de-2016-disciplina-a-exposicao-publica-de-imagens-e-videos-contendo-armas-viaturas-ou-simbolos-desta-secretaria\/\" target=\"_blank\" rel=\"noopener\">PORTARIA n\u00ba 0524, de 14 de junho de 2016. Disciplina a exposi\u00e7\u00e3o p\u00fablica de imagens e v\u00eddeos contendo armas, viaturas ou s\u00edmbolos desta Secretaria <span style=\"color: #ff0000;\">(REVOGADA)<\/span><\/a><\/li>\n<li><a style=\"color: #3366ff;\" href=\"https:\/\/www.sap.sc.gov.br\/en\/download\/03_portaria-no-342-de-14-de-fevereiro-de-2023-redes-sociais-do-governo\/\" target=\"_blank\" rel=\"noopener\">PORTARIA n\u00ba 342, de 14 de fevereiro de 2023. Redes Sociais do Governo<\/a><\/li>\n<\/ul>\n<\/li>\n<\/ul>\n<p><strong>ESTABELECE DIRETRIZES PARA A SEGURAN\u00c7A SANIT\u00c1RIA NAS UNIDADES PRISIONAIS E SOCIOEDUCATIVAS:<\/strong><\/p>\n<ul>\n<li style=\"list-style-type: none;\">\n<ul>\n<li><a style=\"color: #3366ff;\" href=\"https:\/\/www.sap.sc.gov.br\/en\/download\/01_portaria-no-331-de-25-de-abril-de-2022-estabelece-diretrizes-para-seguranca-sanitaria-das-unidades-prisionais-e-socioeducativas\/\" target=\"_blank\" rel=\"noopener\">PORTARIA n\u00ba 331, de 25 de abril de 2022. Estabelece diretrizes para seguran\u00e7a sanit\u00e1ria das unidades prisionais e socioeducativas<\/a><\/li>\n<li><a style=\"color: #3366ff;\" href=\"https:\/\/www.sap.sc.gov.br\/en\/download\/02_portaria-no-1057-de-11-de-agosto-de-2022-procedimentos-operacionais-de-seguranca-e-administrativo\/\" target=\"_blank\" rel=\"noopener\">PORTARIA n\u00ba 1.057, de 11 de agosto de 2022. Procedimentos operacionais de seguran\u00e7a e administrativo<\/a><\/li>\n<\/ul>\n<\/li>\n<\/ul>\n<p><strong>LICITA\u00c7\u00d5ES E CONTRATOS ADMINISTRATIVOS<\/strong><\/p>\n<ul>\n<li style=\"list-style-type: none;\">\n<ul>\n<li><a style=\"color: #3366ff;\" href=\"https:\/\/www.planalto.gov.br\/ccivil_03\/_ato2019-2022\/2021\/l ei\/l14133.htm\">LEI n\u00ba 14.133, de 1\u00ba de abril de 2021. Lei de Licita\u00e7\u00f5es e Contratos Administrativos<\/a><\/li>\n<li><a style=\"color: #3366ff;\" title=\"01_DECRETO N\u00ba 10.929, de 7 de janeiro de 2022. (pouca relev\u00e2ncia ao processo licitat\u00f3rio).pdf\" href=\"https:\/\/www.planalto.gov.br\/ccivil_03\/_ato2019-2022\/2022\/ Decreto\/D10929.htm\" target=\"_blank\" rel=\"noopener\">DECRETO n\u00ba10.929, de 7 de janeiro de 2022. <\/a><\/li>\n<li><a style=\"color: #3366ff;\" title=\"02_DECRETO N\u00ba 509, de 15 de Mar\u00e7o de 2024. Regulamenta o sistema de registro de pre\u00e7o.pdf\" href=\"https:\/\/www.sap.sc.gov.br\/en\/download\/02_decreto-no-509-de-15-de-marco-de-2024-regulamenta-o-sistema-de-registro-de-preco-pdf\/\" target=\"_blank\" rel=\"noopener\">DECRETO n\u00ba 509, de 15 de mar\u00e7o de 2024. Regulamenta o sistema de registro de pre\u00e7o<\/a><\/li>\n<li><a style=\"color: #3366ff;\" title=\"03_DECRETO N\u00ba 47, de 9 de Mar\u00e7o de 2023. fase preparat\u00f3ria das aquisi\u00e7\u00f5es de bens e contrata\u00e7\u00f5es de obras e servi\u00e7os.pdf\" href=\"https:\/\/www.sap.sc.gov.br\/en\/download\/03_decreto-no-47-de-9-de-marco-de-2023-fase-preparatoria-das-aquisicoes-de-bens-e-contratacoes-de-obras-e-servicos-pdf\/\" target=\"_blank\" rel=\"noopener\">DECRETO n\u00ba 47, de 9 de mar\u00e7o de 2023. Fase preparat\u00f3ria das aquisi\u00e7\u00f5es de bens e contrata\u00e7\u00f5es de obras e servi\u00e7os<\/a><\/li>\n<li><a style=\"color: #3366ff;\" title=\"04_DECRETO N\u00ba 30, de 17 de Fevereiro de 2023. Contrata\u00e7\u00e3o direta e dispensa eletr\u00f4nica .pdf\" href=\"https:\/\/www.sap.sc.gov.br\/en\/download\/04_decreto-no-30-de-17-de-fevereiro-de-2023-contratacao-direta-e-dispensa-eletronica-pdf\/\" target=\"_blank\" rel=\"noopener\">DECRETO n\u00ba 30, de 17 de fevereiro de 2023. Contrata\u00e7\u00e3o direta e dispensa eletr\u00f4nica<\/a><\/li>\n<li><span style=\"color: #3366ff;\"><a style=\"color: #3366ff;\" href=\"https:\/\/www.sap.sc.gov.br\/en\/download\/01_decreto-no-903-de-21-de-outubro-de-2020-dispoe-sobre-o-grupo-gestor-de-governo-ggg-pdf\/\" target=\"_blank\" rel=\"noopener\">DECRETO N\u00ba 903, de 21 de Outubro de 2020. Disp\u00f5e sobre o Grupo Gestor de Governo (GGG)<\/a><\/span><\/li>\n<\/ul>\n<\/li>\n<\/ul>\n<p><strong>LEI GERAL DE PROTE\u00c7\u00c3O DE DADOS PESSOAIS<\/strong><\/p>\n<ul>\n<li style=\"list-style-type: none;\">\n<ul>\n<li><a style=\"color: #3366ff;\" title=\"03_LEI n\u00ba 13.709, de 14 de agosto de 2018, Lei Geral de Prote\u00e7\u00e3o de Dados Pessoais.pdf\" href=\"https:\/\/www.planalto.gov.br\/ccivil_03\/_ato2015-2018\/2018\/l ei\/l13709.htm\" target=\"_blank\" rel=\"noopener\">LEI n\u00ba 13.709, de 14 de Agosto de 2018, Lei Geral de Prote\u00e7\u00e3o de Dados Pessoais<\/a><\/li>\n<li><a style=\"color: #3366ff;\" title=\"01_DECRETO n\u00ba 1.184, de 01 de mar\u00e7o de 2021 (2)\" href=\"https:\/\/www.sap.sc.gov.br\/en\/download\/01_decreto-no-1-184-de-01-de-marco-de-2021-2\/\" target=\"_blank\" rel=\"noopener\">DECRETO n\u00ba 1.184, de 1 de Mar\u00e7o de 2021, Disp\u00f5e sobre proposi\u00e7\u00f5es gerais objetivando a implementa\u00e7\u00e3o da Lei federal n\u00ba 13.709, de 2018, no \u00e2mbito do Poder Executivo Estadual.<\/a><\/li>\n<li><a style=\"color: #3366ff;\" title=\"02_PORTARIA N\u00ba 2872-2023.pdf\" href=\"https:\/\/www.sap.sc.gov.br\/en\/download\/02_portaria-no-2872-2023-pdf-2\/\" target=\"_blank\" rel=\"noopener\">PORTARIA n\u00ba2872-2023<\/a><\/li>\n<\/ul>\n<\/li>\n<\/ul>\n<p><strong>LGBTQIAPN+:<\/strong><\/p>\n<ul>\n<li style=\"list-style-type: none;\">\n<ul>\n<li><a style=\"color: #3366ff;\" href=\"https:\/\/www.sap.sc.gov.br\/en\/download\/01_resolucao-no-348-conselho-nacional-de-justica-estabelece-diretrizes-e-procedimentos-a-serem-observados-pelo-poder-judiciario-no-ambito-criminal-com-relacao-ao-tratamento-da-populacao-lesbica-ga\/\" target=\"_blank\" rel=\"noopener\">LGBTQIAPN+<\/a><\/li>\n<\/ul>\n<\/li>\n<\/ul>\n<p><strong>CORREGEDORIA (Manual de atos correcionais e Instru\u00e7\u00f5es Normativas da CGE):<\/strong><\/p>\n<ul>\n<li style=\"list-style-type: none;\">\n<ul>\n<li><span style=\"color: #3366ff;\"><a style=\"color: #3366ff;\" title=\"02_LEI COMPLEMENTAR N\u00ba 491, de 20 de janeiro de 2010, Cria o Estatuto Jur\u00eddico Disciplinar no \u00e2mbito da Administra\u00e7\u00e3o Direta e Indireta do Estado de Santa Catarina\" href=\"http:\/\/leis.alesc.sc.gov.br\/html\/2010\/491_2010_Lei_comple mentar.html\" target=\"_blank\" rel=\"noopener\">LEI COMPLEMENTAR\u00a0 n\u00ba 491, de 20 de janeiro de 2010, Cria o Estatuto Jur\u00eddico Disciplinar no \u00e2mbito da Administra\u00e7\u00e3o Direta e Indireta do Estado de Santa Catarina<\/a><\/span><\/li>\n<li><a style=\"color: #3366ff;\" title=\"01_PORTARIA N\u00ba 1246, de 07 de maio de 2024. Disp\u00f5e sobre a entrada de arma de fogo e equipamentos eletr\u00f4nicos em oitivas e audi\u00eancias correicionais..pdf\" href=\"https:\/\/www.sap.sc.gov.br\/en\/download\/01_portaria-no-1246-de-07-de-maio-de-2024-dispoe-sobre-a-entrada-de-arma-de-fogo-e-equipamentos-eletronicos-em-oitivas-e-audiencias-correicionais-pdf\/\" target=\"_blank\" rel=\"noopener\">PORTARIA n\u00ba1246, de 07 de maio de 2024, disp\u00f5e sobre a entrada de arma de fogo e equipamentos eletr\u00f4nicos em oitivas e audi\u00eancias correcionais.<\/a><\/li>\n<li><span style=\"color: #3366ff;\"><a style=\"color: #3366ff;\" title=\"03_PORTARIA N\u00ba 837_GABSA_SAP_2024, de 21 de mar\u00e7o de 2024, Disp\u00f5e sobre a regulamenta\u00e7\u00e3o do uso de grava\u00e7\u00e3o audiovisual e videoconfer\u00eancia na instru\u00e7\u00e3o dos processos, das sindic\u00e2ncias e dos procedimento\" href=\"https:\/\/www.sap.sc.gov.br\/en\/download\/03_portaria-no-837_gabsa_sap_2024-de-21-de-marco-de-2024-dispoe-sobre-a-regulamentacao-do-uso-de-gravacao-audiovisual-e-videoconferencia-na-instrucao-dos-processos-das-sindicancias-e-dos-p\/\" target=\"_blank\" rel=\"noopener\">PORTARIA n\u00ba 837_GABSA_SAP_2024, de 21 de mar\u00e7o de 2024, disp\u00f5e sobre a regulamenta\u00e7\u00e3o do uso de grava\u00e7\u00e3o audiovisual e videoconfer\u00eancia na instru\u00e7\u00e3o dos processos, das sindic\u00e2ncias e dos procedimentos<\/a><\/span><\/li>\n<li><span style=\"color: #3366ff;\"><a style=\"color: #3366ff;\" href=\"https:\/\/www.sap.sc.gov.br\/en\/download\/01_manual-de-atos-correicionais\/\" target=\"_blank\" rel=\"noopener\">MANUAL DE ATOS CORREICIONAIS<\/a><\/span><\/li>\n<li><span style=\"color: #3366ff;\"><a style=\"color: #3366ff;\" href=\"https:\/\/www.sap.sc.gov.br\/en\/download\/02_instrucao-normativa-cge_005-de-18-de-novembro-de-2021-que-institui-e-regulamenta-o-uso-de-gravacao-audiovisual-e-videoconferencia-na-instrucao-dos-procedimentos-administrativos-disciplinares-e-de\/\" target=\"_blank\" rel=\"noopener\">INSTRU\u00c7\u00c3O NORMATIVA CGE_005, de 18 de novembro de 2021, que Institui e regulamenta o uso de grava\u00e7\u00e3o audiovisual e videoconfer\u00eancia na instru\u00e7\u00e3o dos procedimentos administrativos disciplinares e de responsabiliza\u00e7\u00e3o de pessoas jur\u00eddicas no \u00e2mbito do Poder Executivo Estadual<\/a><\/span><\/li>\n<li><span style=\"color: #3366ff;\"><a style=\"color: #3366ff;\" href=\"https:\/\/www.sap.sc.gov.br\/en\/download\/03_instrucao-normativa-cge_003-de-30-de-julho-de-2021-que-institui-e-regulamenta-o-uso-de-recursos-tecnologicos-para-realizacao-de-atos-de-comunicacao-em-procedimentos-disciplinares-e-de-responsabil\/\" target=\"_blank\" rel=\"noopener\">INSTRU\u00c7\u00c3O NORMATIVA CGE_003, de 30 de julho de 2021, que Institui e regulamenta o uso de recursos tecnol\u00f3gicos para realiza\u00e7\u00e3o de atos de comunica\u00e7\u00e3o em procedimentos disciplinares e de responsabiliza\u00e7\u00e3o de pessoas jur\u00eddicas pela pr\u00e1tica de atos lesivos \u00e0 administra\u00e7\u00e3o p\u00fablica no \u00e2mbito do Poder Executivo Estadual-2021 (1)<\/a><\/span><\/li>\n<\/ul>\n<\/li>\n<\/ul>\n<ul>\n<li style=\"list-style-type: none;\"><\/li>\n<\/ul>\n<p><strong>CONVOCA\u00c7\u00c3O EXCEPCIONAL (Plant\u00e3o Extra):<\/strong><\/p>\n<ul>\n<li style=\"list-style-type: none;\">\n<ul>\n<li><a style=\"color: #3366ff;\" title=\"15_MEDIDA PROVIS\u00d3RIA N\u00ba 261, DE 8 DE JANEIRO DE 2024\" href=\"https:\/\/www.sap.sc.gov.br\/en\/download\/15_medida-provisoria-no-261-de-8-de-janeiro-de-2024\/\" target=\"_blank\" rel=\"noopener\">MEDIDA PROVIS\u00d3RIA n\u00ba 261, de 8 de janeiro de 2024.<\/a><\/li>\n<li><span style=\"color: #3366ff;\"><a style=\"color: #3366ff;\" title=\"14_DECRETO N\u00ba 1.065\" href=\"https:\/\/www.sap.sc.gov.br\/en\/download\/14_decreto-no-1-065\/\" target=\"_blank\" rel=\"noopener\">DECRETO n\u00ba 1.065, de 14 de fevereiro de 2017, disp\u00f5e sobre a convoca\u00e7\u00e3o excepcional de escalas de plant\u00e3o de Agente Penitenci\u00e1rio e de Agente de Seguran\u00e7a Socioeducativo em caso de necessidade de servi\u00e7o e de interesse p\u00fablico e estabelece outras provid\u00eancias.<span style=\"color: #ff0000;\">(REVOGADO)<\/span><\/a><\/span><\/li>\n<li><span style=\"color: #3366ff;\"><a style=\"color: #3366ff;\" title=\"10_DECRETO N\u00ba 1.480\" href=\"https:\/\/www.sap.sc.gov.br\/en\/download\/10_decreto-no-1-480\/\" target=\"_blank\" rel=\"noopener\">DECRETO n\u00ba 1.480, de 9 de abril de 2013, disp\u00f5e sobre a concess\u00e3o e o pagamento de indeniza\u00e7\u00e3o por convoca\u00e7\u00e3o de Agente Penitenci\u00e1rio e de Agente de Seguran\u00e7a Socioeducativo por necessidade de servi\u00e7o em apoio a unidades prisionais do Estado.<span style=\"color: #ff0000;\">(REVOGADO)<\/span><\/a><\/span><\/li>\n<li><span style=\"color: #3366ff;\"><a style=\"color: #3366ff;\" title=\"03_DECRETO N\u00ba 454_OK\" href=\"https:\/\/www.sap.sc.gov.br\/en\/download\/03_decreto-no-454_ok\/\" target=\"_blank\" rel=\"noopener\">DECRETO n\u00ba 454, de 16 de novembro de 2015, disp\u00f5e sobre a convoca\u00e7\u00e3o excepcional de escalas de plant\u00e3o de Agente Penitenci\u00e1rio e de Agente de Seguran\u00e7a Socioeducativo em caso de necessidade de servi\u00e7o e de interesse p\u00fablico e estabelece outras provid\u00eancias.<span style=\"color: #ff0000;\">(REVOGADO)<\/span><\/a><\/span><\/li>\n<li><span style=\"color: #3366ff;\"><a style=\"color: #3366ff;\" title=\"06_DECRETO N\u00ba 102_OK\" href=\"https:\/\/www.sap.sc.gov.br\/en\/download\/06_decreto-no-102_ok\/\" target=\"_blank\" rel=\"noopener\">DECRETO n\u00ba 102, de 26 de mar\u00e7o de 2015, disp\u00f5e sobre a convoca\u00e7\u00e3o excepcional de escalas de plant\u00e3o de Agente Penitenci\u00e1rio e de Agente de Seguran\u00e7a Socioeducativo em caso de necessidade de servi\u00e7o e de interesse p\u00fablico e estabelece outras provid\u00eancias.<span style=\"color: #ff0000;\">(REVOGADO)<\/span><\/a><\/span><\/li>\n<li><a style=\"color: #3366ff;\" title=\"05_DECRETO N\u00b0 696, DE 29 DE ABRIL DE 2016, disp\u00f5e sobre a convoca\u00e7\u00e3o excepcional de escalas de plant\u00e3o de Agente Penitenci\u00e1rio e de Agente de Seguran\u00e7a Socioeducativo em caso de necessidade de servi\u00e7o e de inter\" href=\"https:\/\/www.sap.sc.gov.br\/en\/download\/05_decreto-n-696-de-29-de-abril-de-2016-dispoe-sobre-a-convocacao-excepcional-de-escalas-de-plantao-de-agente-penitenciario-e-de-agente-de-seguranca-socioeducativo-em-caso-de-necessidade-de-se\/\">DECRETO n\u00ba 696, de 29 de abril de 2016, disp\u00f5e sobre a convoca\u00e7\u00e3o excepcional de escalas de plant\u00e3o de Agente Penitenci\u00e1rio e de Agente de Seguran\u00e7a Socioeducativo em caso de necessidade de servi\u00e7o e de interesse p\u00fablico e estabelece outras provid\u00eancias.<\/a><a style=\"color: #3366ff;\" title=\"14_DECRETO N\u00ba 402, DE 18 DE DEZEMBRO DE 2019, disp\u00f5e sobre a convoca\u00e7\u00e3o excepcional de escalas de plant\u00e3o de Agente Penitenci\u00e1rio e de Agente de Seguran\u00e7a Socioeducativo em caso de necessidade de servi\u00e7o e d\" href=\"https:\/\/www.sap.sc.gov.br\/en\/download\/14_decreto-no-402-de-18-de-dezembro-de-2019-dispoe-sobre-a-convocacao-excepcional-de-escalas-de-plantao-de-agente-penitenciario-e-de-agente-de-seguranca-socioeducativo-em-caso-de-necessidade-de-serv\/\" target=\"_blank\" rel=\"noopener\"><span style=\"color: #ff0000;\">(REVOGADO)<\/span><\/a><\/li>\n<li><a style=\"color: #3366ff;\" title=\"06_DECRETO N\u00ba 2.165, DE 15 DE SETEMBRO DE 2022, disp\u00f5e sobre a convoca\u00e7\u00e3o excepcional de escalas de plant\u00e3o de Policial Penal, de Agente Penitenci\u00e1rio e de Agente de Seguran\u00e7a Socioeducativo em caso de neces\" href=\"https:\/\/www.sap.sc.gov.br\/en\/download\/06_decreto-no-2-165-de-15-de-setembro-de-2022-dispoe-sobre-a-convocacao-excepcional-de-escalas-de-plantao-de-policial-penal-de-agente-penitenciario-e-de-agente-de-seguranca-socioeducativo-em-caso-d\/\" target=\"_blank\" rel=\"noopener\">DECRETO n\u00ba 2.165, de 15 de setembro de 2022, disp\u00f5e sobre a convoca\u00e7\u00e3o excepcional de escalas de plant\u00e3o de Policia Penal, de Agente Penitenci\u00e1rio e de Agente de Seguran\u00e7a Socioeducativo em caso de necessidade.<\/a><a style=\"color: #3366ff;\" title=\"14_DECRETO N\u00ba 402, DE 18 DE DEZEMBRO DE 2019, disp\u00f5e sobre a convoca\u00e7\u00e3o excepcional de escalas de plant\u00e3o de Agente Penitenci\u00e1rio e de Agente de Seguran\u00e7a Socioeducativo em caso de necessidade de servi\u00e7o e d\" href=\"https:\/\/www.sap.sc.gov.br\/en\/download\/14_decreto-no-402-de-18-de-dezembro-de-2019-dispoe-sobre-a-convocacao-excepcional-de-escalas-de-plantao-de-agente-penitenciario-e-de-agente-de-seguranca-socioeducativo-em-caso-de-necessidade-de-serv\/\" target=\"_blank\" rel=\"noopener\"><span style=\"color: #ff0000;\">(REVOGADO)<\/span><\/a><\/li>\n<li><a style=\"color: #3366ff;\" title=\"07_DECRETO N\u00ba 1.718, DE 4 DE FEVEREIRO DE 2022, altera o art. 2\u00ba do Decreto n\u00ba 1.470, de 2021, que disp\u00f5e sobre a convoca\u00e7\u00e3o excepcional de escalas de plant\u00e3o de Policial Penal, de Agente Penitenci\u00e1rio e de\" href=\"https:\/\/www.sap.sc.gov.br\/en\/download\/07_decreto-no-1-718-de-4-de-fevereiro-de-2022-altera-o-art-2o-do-decreto-no-1-470-de-2021-que-dispoe-sobre-a-convocacao-excepcional-de-escalas-de-plantao-de-policial-penal-de-agente-penitenciari\/\" target=\"_blank\" rel=\"noopener\">DECRETO n\u00ba 1.718, de 4 de fevereiro de 2022, altera o art.2\u00ba do Decreto n\u00ba1.470, de 2021, que disp\u00f5e sobre a convoca\u00e7\u00e3o excepcional de escalas de plant\u00e3o de Pol\u00edcia Penal, de Agente Penitenci\u00e1rio.<\/a><a style=\"color: #3366ff;\" title=\"14_DECRETO N\u00ba 402, DE 18 DE DEZEMBRO DE 2019, disp\u00f5e sobre a convoca\u00e7\u00e3o excepcional de escalas de plant\u00e3o de Agente Penitenci\u00e1rio e de Agente de Seguran\u00e7a Socioeducativo em caso de necessidade de servi\u00e7o e d\" href=\"https:\/\/www.sap.sc.gov.br\/en\/download\/14_decreto-no-402-de-18-de-dezembro-de-2019-dispoe-sobre-a-convocacao-excepcional-de-escalas-de-plantao-de-agente-penitenciario-e-de-agente-de-seguranca-socioeducativo-em-caso-de-necessidade-de-serv\/\" target=\"_blank\" rel=\"noopener\"><span style=\"color: #ff0000;\">(REVOGADO)<\/span><\/a><\/li>\n<li><a style=\"color: #3366ff;\" title=\"08_DECRETO N\u00ba 1.417, DE 20 DE DEZEMBRO DE 2017, disp\u00f5e sobre a convoca\u00e7\u00e3o excepcional de escalas de plant\u00e3o de Agente Penitenci\u00e1rio e de Agente de Seguran\u00e7a Socioeducativo em caso de necessidade de servi (1)\" href=\"https:\/\/www.sap.sc.gov.br\/en\/download\/08_decreto-no-1-417-de-20-de-dezembro-de-2017-dispoe-sobre-a-convocacao-excepcional-de-escalas-de-plantao-de-agente-penitenciario-e-de-agente-de-seguranca-socioeducativo-em-caso-de-necessidade-de-se\/\" target=\"_blank\" rel=\"noopener\">DECRETO n\u00ba 1.417, de 20 de dezembro de 2017, disp\u00f5e sobre a convoca\u00e7\u00e3o excepcional de escalas de plant\u00e3o de Agente Penitenci\u00e1rio e de Agente de Seguran\u00e7a Socioeducativo em caso de necessidade de servi\u00e7o.<\/a><a style=\"color: #3366ff;\" title=\"14_DECRETO N\u00ba 402, DE 18 DE DEZEMBRO DE 2019, disp\u00f5e sobre a convoca\u00e7\u00e3o excepcional de escalas de plant\u00e3o de Agente Penitenci\u00e1rio e de Agente de Seguran\u00e7a Socioeducativo em caso de necessidade de servi\u00e7o e d\" href=\"https:\/\/www.sap.sc.gov.br\/en\/download\/14_decreto-no-402-de-18-de-dezembro-de-2019-dispoe-sobre-a-convocacao-excepcional-de-escalas-de-plantao-de-agente-penitenciario-e-de-agente-de-seguranca-socioeducativo-em-caso-de-necessidade-de-serv\/\" target=\"_blank\" rel=\"noopener\"><span style=\"color: #ff0000;\">(REVOGADO)<\/span><\/a><\/li>\n<li><a style=\"color: #3366ff;\" title=\"09_DECRETO N\u00ba 1.642, DE 13 DE JUNHO DE 2018, disp\u00f5e sobre a convoca\u00e7\u00e3o excepcional de escalas de plant\u00e3o de Agente Penitenci\u00e1rio e de Agente de Seguran\u00e7a Socioeducativo em caso de necessidade de servi\u00e7o (1)\" href=\"https:\/\/www.sap.sc.gov.br\/en\/download\/09_decreto-no-1-642-de-13-de-junho-de-2018-dispoe-sobre-a-convocacao-excepcional-de-escalas-de-plantao-de-agente-penitenciario-e-de-agente-de-seguranca-socioeducativo-em-caso-de-necessidade-de-servi\/\" target=\"_blank\" rel=\"noopener\">DECRETO n\u00ba 1.642, de 13 de junho de 2018, disp\u00f5e sobre a convoca\u00e7\u00e3o excepcional de escalas de plant\u00e3o de Agente Penitenci\u00e1rio e de Agente de Seguran\u00e7a Socioeducativo em caso de necessidade de servi\u00e7o.<\/a><a style=\"color: #3366ff;\" title=\"14_DECRETO N\u00ba 402, DE 18 DE DEZEMBRO DE 2019, disp\u00f5e sobre a convoca\u00e7\u00e3o excepcional de escalas de plant\u00e3o de Agente Penitenci\u00e1rio e de Agente de Seguran\u00e7a Socioeducativo em caso de necessidade de servi\u00e7o e d\" href=\"https:\/\/www.sap.sc.gov.br\/en\/download\/14_decreto-no-402-de-18-de-dezembro-de-2019-dispoe-sobre-a-convocacao-excepcional-de-escalas-de-plantao-de-agente-penitenciario-e-de-agente-de-seguranca-socioeducativo-em-caso-de-necessidade-de-serv\/\" target=\"_blank\" rel=\"noopener\"><span style=\"color: #ff0000;\">(REVOGADO)<\/span><\/a><\/li>\n<li><a style=\"color: #3366ff;\" title=\"10_DECRETO N\u00ba 1.470, DE 15 DE SETEMBRO DE 2021, disp\u00f5e sobre a convoca\u00e7\u00e3o excepcional de escalas de plant\u00e3o de Policial Penal, de Agente Penitenci\u00e1rio e de Agente de Seguran\u00e7a Socioeducativo em caso de neces\" href=\"https:\/\/www.sap.sc.gov.br\/en\/download\/10_decreto-no-1-470-de-15-de-setembro-de-2021-dispoe-sobre-a-convocacao-excepcional-de-escalas-de-plantao-de-policial-penal-de-agente-penitenciario-e-de-agente-de-seguranca-socioeducativo-em-caso-d\/\" target=\"_blank\" rel=\"noopener\">DECRETO n\u00ba 1.470, de 15 de setembro de 2021, disp\u00f5e sobre a convoca\u00e7\u00e3o excepcional de escalas de plant\u00e3o de Policia Penal, de Agente Penitenci\u00e1rio e de Agente de Seguran\u00e7a Socioeducativo em caso de necessidade.<\/a><a style=\"color: #3366ff;\" title=\"14_DECRETO N\u00ba 402, DE 18 DE DEZEMBRO DE 2019, disp\u00f5e sobre a convoca\u00e7\u00e3o excepcional de escalas de plant\u00e3o de Agente Penitenci\u00e1rio e de Agente de Seguran\u00e7a Socioeducativo em caso de necessidade de servi\u00e7o e d\" href=\"https:\/\/www.sap.sc.gov.br\/en\/download\/14_decreto-no-402-de-18-de-dezembro-de-2019-dispoe-sobre-a-convocacao-excepcional-de-escalas-de-plantao-de-agente-penitenciario-e-de-agente-de-seguranca-socioeducativo-em-caso-de-necessidade-de-serv\/\" target=\"_blank\" rel=\"noopener\"><span style=\"color: #ff0000;\">(REVOGADO)<\/span><\/a><\/li>\n<li><a style=\"color: #3366ff;\" title=\"11_DECRETO N\u00ba 274, DE 25 DE SETEMBRO DE 2019, disp\u00f5e sobre a convoca\u00e7\u00e3o excepcional de escalas de plant\u00e3o de Agente Penitenci\u00e1rio e de Agente de Seguran\u00e7a Socioeducativo em caso de necessidade de servi\u00e7o e d\" href=\"https:\/\/www.sap.sc.gov.br\/en\/download\/11_decreto-no-274-de-25-de-setembro-de-2019-dispoe-sobre-a-convocacao-excepcional-de-escalas-de-plantao-de-agente-penitenciario-e-de-agente-de-seguranca-socioeducativo-em-caso-de-necessidade-de-serv\/\" target=\"_blank\" rel=\"noopener\">DECRETO n\u00ba 274, de 25 de setembro de 2019, disp\u00f5e sobre a convoca\u00e7\u00e3o excepcional de escalas de plant\u00e3o de Agente Penitenci\u00e1rio e de Agente de Seguran\u00e7a Socioeducativo em caso de necessidade de servi\u00e7o.<\/a><a style=\"color: #3366ff;\" title=\"14_DECRETO N\u00ba 402, DE 18 DE DEZEMBRO DE 2019, disp\u00f5e sobre a convoca\u00e7\u00e3o excepcional de escalas de plant\u00e3o de Agente Penitenci\u00e1rio e de Agente de Seguran\u00e7a Socioeducativo em caso de necessidade de servi\u00e7o e d\" href=\"https:\/\/www.sap.sc.gov.br\/en\/download\/14_decreto-no-402-de-18-de-dezembro-de-2019-dispoe-sobre-a-convocacao-excepcional-de-escalas-de-plantao-de-agente-penitenciario-e-de-agente-de-seguranca-socioeducativo-em-caso-de-necessidade-de-serv\/\" target=\"_blank\" rel=\"noopener\"><span style=\"color: #ff0000;\">(REVOGADO)<\/span><\/a><\/li>\n<li><a style=\"color: #3366ff;\" title=\"12_DECRETO N\u00ba 1.232, DE 17 DE JULHO DE 2017, disp\u00f5e sobre a convoca\u00e7\u00e3o excepcional de escalas de plant\u00e3o de Agente Penitenci\u00e1rio e de Agente de Seguran\u00e7a Socioeducativo em caso de necessidade de servi\u00e7o e de\" href=\"https:\/\/www.sap.sc.gov.br\/en\/download\/12_decreto-no-1-232-de-17-de-julho-de-2017-dispoe-sobre-a-convocacao-excepcional-de-escalas-de-plantao-de-agente-penitenciario-e-de-agente-de-seguranca-socioeducativo-em-caso-de-necessidade-de-servi\/\" target=\"_blank\" rel=\"noopener\">DECRETO n\u00ba 1.232, de 17 de julho de 2017, disp\u00f5e sobre a convoca\u00e7\u00e3o excepcional de escalas de plant\u00e3o de Agente Penitenci\u00e1rio e de Agente de Seguran\u00e7a Socioeducativo em caso de necessidade de servi\u00e7o.<\/a><a style=\"color: #3366ff;\" title=\"14_DECRETO N\u00ba 402, DE 18 DE DEZEMBRO DE 2019, disp\u00f5e sobre a convoca\u00e7\u00e3o excepcional de escalas de plant\u00e3o de Agente Penitenci\u00e1rio e de Agente de Seguran\u00e7a Socioeducativo em caso de necessidade de servi\u00e7o e d\" href=\"https:\/\/www.sap.sc.gov.br\/en\/download\/14_decreto-no-402-de-18-de-dezembro-de-2019-dispoe-sobre-a-convocacao-excepcional-de-escalas-de-plantao-de-agente-penitenciario-e-de-agente-de-seguranca-socioeducativo-em-caso-de-necessidade-de-serv\/\" target=\"_blank\" rel=\"noopener\"><span style=\"color: #ff0000;\">(REVOGADO)<\/span><\/a><\/li>\n<li><a style=\"color: #3366ff;\" title=\"13_DECRETO N\u00ba 822, DE 8 DE SETEMBRO DE 2020, disp\u00f5e sobre a convoca\u00e7\u00e3o excepcional de escalas de plant\u00e3o de Agente Penitenci\u00e1rio e de Agente de Seguran\u00e7a Socioeducativo em caso de necessidade de servi\u00e7o e de\" href=\"https:\/\/www.sap.sc.gov.br\/en\/download\/13_decreto-no-822-de-8-de-setembro-de-2020-dispoe-sobre-a-convocacao-excepcional-de-escalas-de-plantao-de-agente-penitenciario-e-de-agente-de-seguranca-socioeducativo-em-caso-de-necessidade-de-servi\/\" target=\"_blank\" rel=\"noopener\">DECRETO n\u00ba 822, de 8 de setembro de 2020, disp\u00f5e sobre a convoca\u00e7\u00e3o excepcional de escalas de plant\u00e3o de Agente Penitenci\u00e1rio e de Agente de Seguran\u00e7a Socioeducativo em caso de necessidade de servi\u00e7o.<\/a><a style=\"color: #3366ff;\" title=\"14_DECRETO N\u00ba 402, DE 18 DE DEZEMBRO DE 2019, disp\u00f5e sobre a convoca\u00e7\u00e3o excepcional de escalas de plant\u00e3o de Agente Penitenci\u00e1rio e de Agente de Seguran\u00e7a Socioeducativo em caso de necessidade de servi\u00e7o e d\" href=\"https:\/\/www.sap.sc.gov.br\/en\/download\/14_decreto-no-402-de-18-de-dezembro-de-2019-dispoe-sobre-a-convocacao-excepcional-de-escalas-de-plantao-de-agente-penitenciario-e-de-agente-de-seguranca-socioeducativo-em-caso-de-necessidade-de-serv\/\" target=\"_blank\" rel=\"noopener\"><span style=\"color: #ff0000;\">(REVOGADO)<\/span><\/a><\/li>\n<li><a style=\"color: #3366ff;\" title=\"14_DECRETO N\u00ba 402, DE 18 DE DEZEMBRO DE 2019, disp\u00f5e sobre a convoca\u00e7\u00e3o excepcional de escalas de plant\u00e3o de Agente Penitenci\u00e1rio e de Agente de Seguran\u00e7a Socioeducativo em caso de necessidade de servi\u00e7o e d\" href=\"https:\/\/www.sap.sc.gov.br\/en\/download\/14_decreto-no-402-de-18-de-dezembro-de-2019-dispoe-sobre-a-convocacao-excepcional-de-escalas-de-plantao-de-agente-penitenciario-e-de-agente-de-seguranca-socioeducativo-em-caso-de-necessidade-de-serv\/\" target=\"_blank\" rel=\"noopener\">DECRETO n\u00ba 402, de 18 de dezembro de 2019, disp\u00f5e sobre a convoca\u00e7\u00e3o excepcional de escalas de plant\u00e3o e de Agente Penitenci\u00e1rio e de Agente de Seguran\u00e7a Socioeducativo em caso de necessidade de servi\u00e7o. <span style=\"color: #ff0000;\">(REVOGADO)<\/span><\/a><\/li>\n<\/ul>\n<\/li>\n<\/ul>\n<p><strong>CONTRATA\u00c7\u00c3O POR TEMPO DETERMINADO:<\/strong><\/p>\n<ul>\n<li style=\"list-style-type: none;\">\n<ul>\n<li><span style=\"color: #3366ff;\"><a style=\"color: #3366ff;\" title=\"01_LEI COMPLEMENTAR N\u00ba 260, de 22 de janeiro de 2004, disp\u00f5e sobre a contrata\u00e7\u00e3o por tempo determinado para atender a necessidade tempor\u00e1ria de excepcional interesse p\u00fablico, nos termos do art. 37, IX, da Consti\" href=\"http:\/\/leis.alesc.sc.gov.br\/html\/2004\/260_2004_lei_complementar.html\" target=\"_blank\" rel=\"noopener\">LEI COMPLEMENTAR n\u00ba 260, de 22 de janeiro de 2004, Disp\u00f5e sobre a contrata\u00e7\u00e3o por tempo determinado para atender a necessidade tempor\u00e1ria de excepcional interesse p\u00fablico, nos termos do art. 37, IX, da Constitui\u00e7\u00e3o Federal e do art. 21, \u00a7 2o,da Constitui\u00e7\u00e3o do Estado de Santa Catarina, e adota outras provid\u00eancias.<\/a><\/span><\/li>\n<li><span style=\"color: #3366ff;\"><a style=\"color: #3366ff;\" title=\"02_DECRETO n\u00b0 1545, de 16 de mar\u00e7o de 2004, regulamenta a Lei Complementar n\u00ba 260, de 22 de janeiro de 2004, que disp\u00f5e sobre a contrata\u00e7\u00e3o por tempo determinado para atender a necessidade tempor\u00e1ria de excepcio\" href=\"https:\/\/www.sap.sc.gov.br\/en\/download\/02_decreto-n-1545-de-16-de-marco-de-2004-regulamenta-a-lei-complementar-no-260-de-22-de-janeiro-de-2004-que-dispoe-sobre-a-contratacao-por-tempo-determinado-para-atender-a-necessidade-tempor\/\" target=\"_blank\" rel=\"noopener\">DECRETO n\u00ba 1545, de 16 de mar\u00e7o de 2004, Regulamenta a Lei Complementar no 260, de 22 de janeiro de 2004, que disp\u00f5e sobre a contrata\u00e7\u00e3o por tempo determinado para atender a necessidade tempor\u00e1ria de excepcional interesse p\u00fablico.<\/a><\/span><\/li>\n<\/ul>\n<\/li>\n<\/ul>\n<p><strong>DELEGA\u00c7\u00c3O DE COMPET\u00caNCIA:<\/strong><\/p>\n<ul>\n<li style=\"list-style-type: none;\">\n<ul>\n<li><span style=\"color: #3366ff;\"><a style=\"color: #3366ff;\" title=\"01_PORTARIA n\u00ba 691, de de agosto de 2019 Solicita\u00e7\u00f5es de Di\u00e1rias.pdf\" href=\"https:\/\/www.sap.sc.gov.br\/en\/download\/01_portaria-no-691-de-de-agosto-de-2019-solicitacoes-de-diarias-pdf\/\" target=\"_blank\" rel=\"noopener\">PORTARIA n\u00ba 691, de 30 de agosto de 2019, Disp\u00f5e sobre as solicita\u00e7\u00f5es de di\u00e1rias no \u00e2mbito da Secretaria de Estado da Administra\u00e7\u00e3o Prisional e Socioeducativa; e d\u00e1 outras provid\u00eancias.<\/a><\/span><\/li>\n<\/ul>\n<\/li>\n<\/ul>\n<p><strong>PADRONIZA\u00c7\u00c3O DE TEXTOS E PROCESSO LEGISLATIVO &#8211; MANUAIS E LEGISLA\u00c7\u00d5ES:<\/strong><\/p>\n<ul>\n<li style=\"list-style-type: none;\">\n<ul>\n<li><span style=\"color: #3366ff;\"><a style=\"color: #3366ff;\" title=\"01_DECRETO n\u00ba 1.070, de 29 de dezembro de 2020, institui o Suplemento \u00e0 3a Edi\u00e7\u00e3o do Manual de Padroniza\u00e7\u00e3o e Reda\u00e7\u00e3o dos Atos Oficiais e estabelece outras provid\u00eancias\" href=\"https:\/\/www.sap.sc.gov.br\/en\/download\/01_decreto-no-1-070-de-29-de-dezembro-de-2020-institui-o-suplemento-a-3a-edicao-do-manual-de-padronizacao-e-redacao-dos-atos-oficiais-e-estabelece-outras-providencias\/\" target=\"_blank\" rel=\"noopener\">DECRETO n\u00ba 1.070, de 29 de dezembro de 2020, institui o Suplemento \u00e0 3a Edi\u00e7\u00e3o do Manual de Padroniza\u00e7\u00e3o e Reda\u00e7\u00e3o dos Atos Oficiais e estabelece outras provid\u00eancias.<\/a><\/span><\/li>\n<li><span style=\"color: #3366ff;\"><a style=\"color: #3366ff;\" title=\"02_DECRETO n\u00ba 1.317, de 29 de setembro de 2017, altera o Decreto no 2.382, de 2014, que disp\u00f5e sobre o Sistema de Atos do Processo Legislativo e estabelece outras provid\u00eancias.\" href=\"https:\/\/www.sap.sc.gov.br\/en\/download\/02_decreto-no-1-317-de-29-de-setembro-de-2017-altera-o-decreto-no-2-382-de-2014-que-dispoe-sobre-o-sistema-de-atos-do-processo-legislativo-e-estabelece-outras-providencias\/\" target=\"_blank\" rel=\"noopener\">DECRETO n\u00ba 1.317, de 29 de setembro de 2017, \u00a0altera o Decreto no 2.382, de 2014, que disp\u00f5e sobre o Sistema de Atos do Processo Legislativo e estabelece outras provid\u00eancias.<\/a><\/span><\/li>\n<li><span style=\"color: #3366ff;\"><a style=\"color: #3366ff;\" title=\"03_DECRETO n\u00ba 1.414, de 1 de mar\u00e7o de 2013, estabelece normas e diretrizes para a elabora\u00e7\u00e3o, reda\u00e7\u00e3o e altera\u00e7\u00e3o dos atos normativos de que trata a Lei Complementar no 589, de 18 de janeiro de 2013.\" href=\"https:\/\/www.sap.sc.gov.br\/en\/download\/03_decreto-no-1-414-de-1-de-marco-de-2013-estabelece-normas-e-diretrizes-para-a-elaboracao-redacao-e-alteracao-dos-atos-normativos-de-que-trata-a-lei-complementar-no-589-de-18-de-janeiro-de-2013\/\" target=\"_blank\" rel=\"noopener\">DECRETO n\u00ba 1.414, de 1 de mar\u00e7o de 2013, estabelece normas e diretrizes para a elabora\u00e7\u00e3o, reda\u00e7\u00e3o e altera\u00e7\u00e3o dos atos normativos de que trata a Lei Complementar no 589, de 18 de janeiro de 2013.<\/a><\/span><\/li>\n<li><span style=\"color: #3366ff;\"><a style=\"color: #3366ff;\" title=\"04_DECRETO n\u00ba 2.382, de 28 de agosto de 2014, disp\u00f5e sobre o Sistema de Atos do Processo Legislativo e estabelece outras provid\u00eancias.\" href=\"https:\/\/www.sap.sc.gov.br\/en\/download\/04_decreto-no-2-382-de-28-de-agosto-de-2014-dispoe-sobre-o-sistema-de-atos-do-processo-legislativo-e-estabelece-outras-providencias\/\" target=\"_blank\" rel=\"noopener\">DECRETO n\u00ba 2.382, de 28 de agosto de 2014, disp\u00f5e sobre o Sistema de Atos do Processo Legislativo e estabelece outras provid\u00eancias.<\/a><\/span><\/li>\n<li><span style=\"color: #3366ff;\"><a style=\"color: #3366ff;\" title=\"05_INSTRU\u00c7\u00c3O NORMATIVA n\u00ba 001_SCC-DIAL, de 8 de outubro de 2014, uniformiza os atos e procedimentos relativos ao processo legislativo no \u00e2mbito do Poder Executivo.\" href=\"https:\/\/www.sap.sc.gov.br\/en\/download\/05_instrucao-normativa-no-001_scc-dial-de-8-de-outubro-de-2014-uniformiza-os-atos-e-procedimentos-relativos-ao-processo-legislativo-no-ambito-do-poder-executivo\/\" target=\"_blank\" rel=\"noopener\">INSTRU\u00c7\u00c3O NORMATIVA n\u00ba 001\/SCC-DIAL, de 8 de outubro de 2014, uniformiza os atos e procedimentos relativos ao processo legislativo no \u00e2mbito do Poder Executivo.<\/a><\/span><\/li>\n<li><span style=\"color: #3366ff;\"><a style=\"color: #3366ff;\" title=\"06_LEI COMPLEMENTAR n\u00ba 589, de 18 de janeiro de 2013, disp\u00f5e sobre a elabora\u00e7\u00e3o, reda\u00e7\u00e3o, altera\u00e7\u00e3o e consolida\u00e7\u00e3o das leis.\" href=\"http:\/\/leis.alesc.sc.gov.br\/html\/2013\/589_2013_lei_comple mentar.html\" target=\"_blank\" rel=\"noopener\">LEI COMPLEMENTAR n\u00ba 589, de 18 de janeiro de 2013, disp\u00f5e sobre a elabora\u00e7\u00e3o, reda\u00e7\u00e3o, altera\u00e7\u00e3o e consolida\u00e7\u00e3o das leis.<\/a><\/span><\/li>\n<li><span style=\"color: #3366ff;\"><a style=\"color: #3366ff;\" title=\"07_MANUAL DE REDA\u00c7\u00c3O OFICIAL DO ESTADO\" href=\"https:\/\/www.sap.sc.gov.br\/en\/download\/07_manual-de-redacao-oficial-do-estado\/\" target=\"_blank\" rel=\"noopener\">MANUAL DE REDA\u00c7\u00c3O OFICIAL DO ESTADO.<\/a><\/span><\/li>\n<\/ul>\n<\/li>\n<\/ul>\n<p><strong>ACADEMIA DE ADMINISTRA\u00c7\u00c3O PRISIONAL E SOCIOEDUCATIVA (ACAPS):<\/strong><\/p>\n<ul>\n<li style=\"list-style-type: none;\">\n<ul>\n<li><span style=\"color: #3366ff;\"><a style=\"color: #3366ff;\" title=\"01_DECRETO N\u00ba 1.327, de 14 de junho de 2021, que Aprova o Regimento Interno da Academia de Administra\u00e7\u00e3o Prisional e Socioeducativa (ACAPS) da Secretaria de Estado da Administra\u00e7\u00e3o Prisional e Socioeducativa (SA\" href=\"https:\/\/www.sap.sc.gov.br\/en\/download\/01_decreto-no-1-327-de-14-de-junho-de-2021-que-aprova-o-regimento-interno-da-academia-de-administracao-prisional-e-socioeducativa-acaps-da-secretaria-de-estado-da-administracao-prisional-e-socioed\/\">DECRETO n\u00ba 1.327, de 14 de junho de 2021, que Aprova o Regimento Interno da Academia de Administra\u00e7\u00e3o Prisional e Socioeducativa (ACAPS) da Secretaria de Estado da Administra\u00e7\u00e3o Prisional e Socioeducativa (SAP) e estabelece outras provid\u00eancias.<\/a><\/span><\/li>\n<li><span style=\"color: #3366ff;\"><a style=\"color: #3366ff;\" title=\"02_PORTARIA n\u00ba 477_GABS_SAP, Regulamenta a participa\u00e7\u00e3o dos servidores da Secretaria de Estado da Administra\u00e7\u00e3o Prisional e Socioeducativa selecionados nos cursos de Especializa\u00e7\u00e3o, Mestrado e Doutorado\" href=\"https:\/\/www.sap.sc.gov.br\/en\/download\/02_portaria-no-477_gabs_sap-regulamenta-a-participacao-dos-servidores-da-secretaria-de-estado-da-administracao-prisional-e-socioeducativa-selecionados-nos-cursos-de-especializacao-mestrado-e-doutora\/\" target=\"_blank\" rel=\"noopener\">PORTARIA n\u00ba 477_GABS_SAP, Regulamenta a participa\u00e7\u00e3o dos servidores da Secretaria de Estado da Administra\u00e7\u00e3o Prisional e Socioeducativa selecionados nos cursos de Especializa\u00e7\u00e3o, Mestrado e Doutorado.<\/a><\/span><\/li>\n<li><a style=\"color: #3366ff;\" title=\"01_PORTARIA N\u00ba 37_GABSA_SAP, de 17 de janeiro de 2022, regulamenta as atividades de oficina.pdf\" href=\"https:\/\/www.sap.sc.gov.br\/en\/download\/01_portaria-no-37_gabsa_sap-de-17-de-janeiro-de-2022-regulamenta-as-atividades-de-oficina-pdf\/\" target=\"_blank\" rel=\"noopener\">PORTARIA n\u00ba 37_GABSA_SAP, de 17 de janeiro de 2022, Regulamenta as atividades de oficina <span style=\"color: #ff0000;\">(REVOGADA)<\/span><\/a><\/li>\n<li><a style=\"color: #3366ff;\" title=\"02_PORTARIA N\u00ba 405_GABS_ACAPS_SAP, de 19 de fevereiro de 2024, altera o art.. 4\u00ba da Portaria n\u00ba 1897_GABS_SAP_2023.pdf\" href=\"https:\/\/www.sap.sc.gov.br\/en\/download\/02_portaria-no-405_gabs_acaps_sap-de-19-de-fevereiro-de-2024-altera-o-art-4o-da-portaria-no-1897_gabs_sap_2023-pdf\/\" target=\"_blank\" rel=\"noopener\">PORTARIA n\u00ba 405_GABS_ACAPS_SAP, de 19 de fevereiro de 2024, Altera o art. 4\u00ba da Portaria n\u00ba 1897<\/a><\/li>\n<li><a style=\"color: #3366ff;\" title=\"03_PORTARIA N\u00ba 1310_GABS_SAP, de 21 de outubro de 2021, estabelece e regulamenta a cria\u00e7\u00e3o e execu\u00e7\u00e3o das atividades de oficinas no \u00e2mbito da Academia de Administra\u00e7\u00e3o Prisional e Socioeducativa e dar outras p.pdf\" href=\"https:\/\/www.sap.sc.gov.br\/en\/download\/03_portaria-no-1310_gabs_sap-de-21-de-outubro-de-2021-estabelece-e-regulamenta-a-criacao-e-execucao-das-atividades-de-oficinas-no-ambito-da-academia-de-administracao-prisional-e-socioeducativa-e-dar\/\" target=\"_blank\" rel=\"noopener\">PORTARIA n\u00ba 1.310_GABS_SAP, de 21 de outubro de 2021, Estabelece e regulamenta a cria\u00e7\u00e3o e execu\u00e7\u00e3o das atividades de oficinas no \u00e2mbito da Academia de Administra\u00e7\u00e3o Prisional e Socioeducativa e dar outras provid\u00eancias <span style=\"color: #ff0000;\">(REVOGADA)<\/span><\/a><\/li>\n<li><a style=\"color: #3366ff;\" title=\"04_PORTARIA N\u00ba 1897_GABS_SAP, de 3 de julho de 2023, estabelece e regulamenta a cria\u00e7\u00e3o e execu\u00e7\u00e3o das atividades de oficinas no \u00e2mbito da Academia de Administra\u00e7\u00e3o Prisional e Socioeducativa e d\u00e1 outras provi.pdf\" href=\"https:\/\/www.sap.sc.gov.br\/en\/download\/04_portaria-no-1897_gabs_sap-de-3-de-julho-de-2023-estabelece-e-regulamenta-a-criacao-e-execucao-das-atividades-de-oficinas-no-ambito-da-academia-de-administracao-prisional-e-socioeducativa-e-da-out\/\" target=\"_blank\" rel=\"noopener\">PORTARIA n\u00ba 1.897_GABS_SAP, de 3 de julho de 2023, Estabelece e regulamenta a cria\u00e7\u00e3o e execu\u00e7\u00e3o das atividades de oficinas no \u00e2mbito da Academia da Administra\u00e7\u00e3o Prisional e Socioeducativa e dar outras provid\u00eancias<\/a><\/li>\n<\/ul>\n<\/li>\n<\/ul>\n<p><strong>ESTATUTO DA ADVOCACIA E A ORDEM DOS ADVOGADOS DO BRASIL:<\/strong><\/p>\n<ul>\n<li style=\"list-style-type: none;\">\n<ul>\n<li><span style=\"color: #3366ff;\"><a style=\"color: #3366ff;\" title=\"01_LEI n\u00ba 8.906, de 4 de julho de 1994, que Disp\u00f5e sobre o Estatuto da Advocacia e a Ordem dos Advogados do Brasil (OAB)..pdf\" href=\"https:\/\/www.planalto.gov.br\/ccivil_03\/Leis\/L8906.htm\" target=\"_blank\" rel=\"noopener\">LEI n\u00ba 8.906, de 4 de julho de 1994, que Disp\u00f5e sobre o Estatuto da Advocacia e a Ordem dos Advogados do Brasil (OAB).<\/a><\/span><\/li>\n<\/ul>\n<\/li>\n<\/ul>\n<p><strong>CONSULTORIA JUR\u00cdDICA:<\/strong><\/p>\n<ul>\n<li style=\"list-style-type: none;\">\n<ul>\n<li><span style=\"color: #3366ff;\"><a style=\"color: #3366ff;\" title=\"01_DECRETO n\u00ba 1.485, de 7 de fevereiro de 2018, aprova o Regimento Interno da Procuradoria-Geral do Estado (PGE) e estabelece outras provid\u00eancias.\" href=\"https:\/\/www.sap.sc.gov.br\/en\/download\/01_decreto-no-1-485-de-7-de-fevereiro-de-2018-aprova-o-regimento-interno-da-procuradoria-geral-do-estado-pge-e-estabelece-outras-providencias\/\" target=\"_blank\" rel=\"noopener\">DECRETO n\u00ba 1.485, de 7 de fevereiro de 2018, aprova o Regimento Interno da Procuradoria-Geral do Estado (PGE) e estabelece outras provid\u00eancias.<\/a><\/span><\/li>\n<li><span style=\"color: #3366ff;\"><a style=\"color: #3366ff;\" title=\"02_DECRETO n\u00ba 724, de 18 de outubro de 2007, disp\u00f5e sobre a organiza\u00e7\u00e3o, estrutura\u00e7\u00e3o e funcionamento do Sistema de Servi\u00e7os Jur\u00eddicos da Administra\u00e7\u00e3o Direta e Indireta\" href=\"https:\/\/www.sap.sc.gov.br\/en\/download\/02_decreto-no-724-de-18-de-outubro-de-2007-dispoe-sobre-a-organizacao-estruturacao-e-funcionamento-do-sistema-de-servicos-juridicos-da-administracao-direta-e-indireta\/\" target=\"_blank\" rel=\"noopener\">DECRETO n\u00ba 724, de 18 de outubro de \u00a02007, disp\u00f5e sobre a organiza\u00e7\u00e3o, estrutura\u00e7\u00e3o e funcionamento do Sistema de Servi\u00e7os Jur\u00eddicos da Administra\u00e7\u00e3o Direta e Indireta.<\/a><\/span><\/li>\n<li><span style=\"color: #3366ff;\"><a style=\"color: #3366ff;\" title=\"03_LEI COMPLEMENTAR n\u00ba 317, de 30 de dezembro de 2005, disp\u00f5e sobre a organiza\u00e7\u00e3o e o funcionamento da Procuradoria Geral do Estado, o regime jur\u00eddico dos Procuradores do Estado e estabelece outras provid\u00eancias.\" href=\"http:\/\/leis.alesc.sc.gov.br\/html\/2005\/317_2005_lei_comple mentar.html\" target=\"_blank\" rel=\"noopener\">LEI COMPLEMENTAR n\u00ba 317, de 30 de dezembro de 2005, disp\u00f5e sobre a organiza\u00e7\u00e3o e o funcionamento da Procuradoria Geral do Estado, o regime jur\u00eddico dos Procuradores do Estado e estabelece outras provid\u00eancias.<\/a><\/span><\/li>\n<li><span style=\"color: #3366ff;\"><a style=\"color: #3366ff;\" title=\"04_PORTARIA GAB_PGE 043_21 01.06.2021, que institui o N\u00facleo de Atendimento Jur\u00eddico aos \u00d3rg\u00e3os Setoriais e Seccionais do Sistema Administrativo de Servi\u00e7os Jur\u00eddicos (NUAJ) e estabelece outras provid\u00eancias.\" href=\"https:\/\/www.sap.sc.gov.br\/en\/download\/04_portaria-gab_pge-043_21-01-06-2021-que-institui-o-nucleo-de-atendimento-juridico-aos-orgaos-setoriais-e-seccionais-do-sistema-administrativo-de-servicos-juridicos-nuaj-e-estabelece-outras-provid\/\" target=\"_blank\" rel=\"noopener\">PORTARIA GAB\/PGE 043\/21 01.06.2021, que institui o N\u00facleo de Atendimento Jur\u00eddico aos \u00d3rg\u00e3os Setoriais e Seccionais do Sistema Administrativo de Servi\u00e7os Jur\u00eddicos (NUAJ) e estabelece outras provid\u00eancias.<\/a><\/span><\/li>\n<\/ul>\n<\/li>\n<\/ul>\n<p><strong>ESTATUTO GERAL DOS SERVIDORES P\u00daBLICOS CIVIS DO ESTADO DE SANTA CATARINA E DECRETOS:<\/strong><\/p>\n<ul>\n<li style=\"list-style-type: none;\">\n<ul>\n<li><span style=\"color: #3366ff;\"><a style=\"color: #3366ff;\" title=\"01_LEI COMPLEMENTAR n\u00ba 6.745, de 28 de dezembro de 1985, Estatuto dos Servidores P\u00fablicos Civis do Estado de Santa Catarina\" href=\"http:\/\/leis.alesc.sc.gov.br\/html\/1985\/6745_1985_lei.html\" target=\"_blank\" rel=\"noopener\">LEI COMPLEMENTAR n\u00ba 6.745, de 28 de dezembro de 1985, Estatuto dos Servidores P\u00fablicos Civis do Estado de Santa Catarina.<\/a><\/span><\/li>\n<li><span style=\"color: #3366ff;\"><a style=\"color: #3366ff;\" title=\"02_DECRETO n\u00ba 4.962, de 8 de dezembro de 2006, Regulamenta os procedimentos relativos ao hor\u00e1rio de participa\u00e7\u00e3o dos servidores em a\u00e7\u00f5es de capacita\u00e7\u00e3o e estabelece outras provid\u00eancias\" href=\"https:\/\/www.sap.sc.gov.br\/en\/download\/02_decreto-no-4-962-de-8-de-dezembro-de-2006-regulamenta-os-procedimentos-relativos-ao-horario-de-participacao-dos-servidores-em-acoes-de-capacitacao-e-estabelece-outras-providencias\/\" target=\"_blank\" rel=\"noopener\">DECRETO n\u00ba 4.962, de 8 de dezembro de 2006, Regulamenta os procedimentos relativos ao hor\u00e1rio de participa\u00e7\u00e3o dos servidores em a\u00e7\u00f5es de capacita\u00e7\u00e3o e estabelece outras provid\u00eancias.<\/a><\/span><\/li>\n<li><span style=\"color: #3366ff;\"><a style=\"color: #3366ff;\" title=\"03_DECRETO n\u00ba 2.294, de 21 de novembro de 2022, Disp\u00f5e sobre a Avalia\u00e7\u00e3o Especial de Desempenho no Est\u00e1gio Probat\u00f3rio (AEDEP) dos servidores da Administra\u00e7\u00e3o P\u00fablica Estadual Direta, Aut\u00e1rquica e Fundacional do\" href=\"https:\/\/www.sap.sc.gov.br\/en\/download\/03_decreto-no-2-294-de-21-de-novembro-de-2022-dispoe-sobre-a-avaliacao-especial-de-desempenho-no-estagio-probatorio-aedep-dos-servidores-da-administracao-publica-estadual-direta-autarquica-e-fund\/\" target=\"_blank\" rel=\"noopener\">DECRETO n\u00ba 2.294, de 21 de novembro de 2022, Disp\u00f5e sobre a Avalia\u00e7\u00e3o Especial de Desempenho no Est\u00e1gio Probat\u00f3rio (AEDEP) dos servidores da Administra\u00e7\u00e3o P\u00fablica Estadual Direta, Aut\u00e1rquica e Fundacional do Poder Executivo.<\/a><\/span><\/li>\n<li><span style=\"color: #3366ff;\"><a style=\"color: #3366ff;\" title=\"04_DECRETO n\u00ba 1.863, de 25 de novembro de 2013, Regulamenta o afastamento do servidor p\u00fablico efetivo para frequentar curso de p\u00f3s-gradua\u00e7\u00e3o e estabelece outras provid\u00eancias\" href=\"https:\/\/www.sap.sc.gov.br\/en\/download\/04_decreto-no-1-863-de-25-de-novembro-de-2013-regulamenta-o-afastamento-do-servidor-publico-efetivo-para-frequentar-curso-de-pos-graduacao-e-estabelece-outras-providencias\/\" target=\"_blank\" rel=\"noopener\">DECRETO n\u00ba 1.863, de 25 de novembro de 2013, Regulamenta o afastamento do servidor p\u00fablico efetivo para frequentar curso de p\u00f3s-gradua\u00e7\u00e3o e estabelece outras provid\u00eancias.<\/a><\/span><\/li>\n<li><span style=\"color: #3366ff;\"><a style=\"color: #3366ff;\" title=\"05_DECRETO n\u00ba 1.514, de 25 de julho de 2000, Estabelece crit\u00e9rios para a movimenta\u00e7\u00e3o dos servidores p\u00fablicos estaduais no \u00e2mbito da Administra\u00e7\u00e3o Direta do Poder Executivo, atrav\u00e9s do instituto da remo\u00e7\u00e3o\" href=\"https:\/\/www.sap.sc.gov.br\/en\/download\/05_decreto-no-1-514-de-25-de-julho-de-2000-estabelece-criterios-para-a-movimentacao-dos-servidores-publicos-estaduais-no-ambito-da-administracao-direta-do-poder-executivo-atraves-do-instituto-da-re\/\" target=\"_blank\" rel=\"noopener\">DECRETO n\u00ba 1.514, de 25 de julho de 2000, Estabelece crit\u00e9rios para a movimenta\u00e7\u00e3o dos servidores p\u00fablicos estaduais no \u00e2mbito da Administra\u00e7\u00e3o Direta do Poder Executivo, atrav\u00e9s do instituto da remo\u00e7\u00e3o.<\/a><\/span><\/li>\n<li><span style=\"color: #3366ff;\"><a style=\"color: #3366ff;\" title=\"06_DECRETO n\u00ba 1.410, de 18 de dezembro de 2017, Disp\u00f5e sobre o hor\u00e1rio de expediente administrativo, regulamenta o controle de frequ\u00eancia e o banco de horas nos \u00f3rg\u00e3os da Administra\u00e7\u00e3o Direta, Aut\u00e1rquica e Funda\" href=\"https:\/\/www.sap.sc.gov.br\/en\/download\/06_decreto-no-1-410-de-18-de-dezembro-de-2017-dispoe-sobre-o-horario-de-expediente-administrativo-regulamenta-o-controle-de-frequencia-e-o-banco-de-horas-nos-orgaos-da-administracao-direta-autarqu\/\" target=\"_blank\" rel=\"noopener\">DECRETO n\u00ba 1.410, de 18 de dezembro de 2017, Disp\u00f5e sobre o hor\u00e1rio de expediente administrativo, regulamenta o controle de frequ\u00eancia e o banco de horas nos \u00f3rg\u00e3os da Administra\u00e7\u00e3o Direta, Aut\u00e1rquica e Fundacional do Poder Executivo estadual e estabelece outras provid\u00eancias.<\/a><\/span><\/li>\n<\/ul>\n<\/li>\n<\/ul>\n<p><span style=\"color: #000000;\"><strong>RELAT\u00d3RIO DE VITIMIZA\u00c7\u00c3O DOS ENCARREGADOS DA APLICA\u00c7\u00c3O DA LEI (REVEAL):<\/strong><\/span><\/p>\n<ul>\n<li style=\"list-style-type: none;\">\n<ul>\n<li><span style=\"color: #3366ff;\"><a style=\"color: #3366ff;\" href=\"http:\/\/leis.alesc.sc.gov.br\/html\/2022\/18552_2022_lei.html#:~:text=LEI%20N%C2%BA%2018.552%2C%20DE%2020%20DE%20DEZEMBRO%20DE%202022&amp;text=Fonte%3A%20ALESC%2FGCAN.,Catarina%2C%20e%20adota%20outras%20provid%C3%AAncias.\">LEI n\u00ba 18.552, de 20 de dezembro de 2022, Disp\u00f5e sobre o Relat\u00f3rio de Vitimiza\u00e7\u00e3o dos Encarregados da Aplica\u00e7\u00e3o da Lei (Reveal) no \u00e2mbito do Estado de Santa Catarina, e adota outras provid\u00eancias.<\/a><\/span><\/li>\n<\/ul>\n<\/li>\n<\/ul>\n<ul>\n<li style=\"list-style-type: none;\"><\/li>\n<\/ul>\n<p><strong>GOVERNO SEM PAPEL:<\/strong><\/p>\n<ul>\n<li style=\"list-style-type: none;\">\n<ul>\n<li><span style=\"color: #3366ff;\"><a style=\"color: #3366ff;\" href=\"https:\/\/www.sap.sc.gov.br\/en\/download\/01_instrucao-normativa-no-5-de-20-de-marco-de-2020-estabelece-as-normas-gerais-e-os-procedimentos-relativos-a-gestao-de-documentos-e-processos-eletronicos-ao-funcionamento-e-utilizacao-do-sistema-d\/\" target=\"_blank\" rel=\"noopener\">INSTRU\u00c7\u00c3O NORMATIVA n\u00ba 5, de 20 de mar\u00e7o de 2020, estabelece as normas gerais e os procedimentos relativos \u00e0 gest\u00e3o de documentos e processos eletr\u00f4nicos, ao funcionamento e utiliza\u00e7\u00e3o do Sistema de Gest\u00e3o de Processos Eletr\u00f4nicos SGP-e, no \u00e2mbito da administra\u00e7\u00e3o direta, aut\u00e1rquica e fundacional do Poder Executivo, durante a vig\u00eancia da situa\u00e7\u00e3o de emerg\u00eancia. REVOGA\u00c7\u00c3O T\u00c1CITA<\/a><\/span><\/li>\n<li><span style=\"color: #3366ff;\"><a style=\"color: #3366ff;\" href=\"https:\/\/www.sap.sc.gov.br\/en\/download\/02_instrucao-normativa-no-3-de-1o-de-marco-de-2019-estabelece-as-normas-gerais-e-os-procedimentos-relativos-a-gestao-de-documentos-e-processos-eletronicos-ao-funcionamento-e-utilizacao-do-sistema-d\/\" target=\"_blank\" rel=\"noopener\">INSTRU\u00c7\u00c3O NORMATIVA n\u00ba 3, de 1\u00ba de mar\u00e7o de 2019, estabelece as normas gerais e os procedimentos relativos \u00e0 gest\u00e3o de documentos e processos eletr\u00f4nicos.<\/a><\/span><\/li>\n<li><span style=\"color: #3366ff;\"><a style=\"color: #3366ff;\" href=\"https:\/\/www.sap.sc.gov.br\/en\/download\/03_decreto-no-389-de-10-de-dezembro-de-2019-altera-o-decreto-no-39-de-2019-que-institui-o-programa-governo-sem-papel-no-ambito-da-administracao-publica-estadual-direta-e-indireta-e-estabelece-outr\/\" target=\"_blank\" rel=\"noopener\">DECRETO n\u00ba 389, de 10 de dezembro de 2019, altera o Decreto no 39, de 2019, que institui o programa Governo sem Papel no \u00e2mbito da Administra\u00e7\u00e3o P\u00fablica Estadual Direta e Indireta e estabelece outras provid\u00eancias.<\/a><\/span><\/li>\n<li><span style=\"color: #3366ff;\"><a style=\"color: #3366ff;\" href=\"https:\/\/www.sap.sc.gov.br\/en\/download\/04_decreto-no-39-de-21-de-fevereiro-de-2019-institui-o-programa-governo-sem-papel-no-ambito-da-administracao-publica-estadual-direta-e-indireta-e-estabelece-outras-providencias-2\/\" target=\"_blank\" rel=\"noopener\">DECRETO n\u00ba 39, de 21 de fevereiro de 2019, institui o programa Governo sem Papel no \u00e2mbito da Administra\u00e7\u00e3o P\u00fablica Estadual Direta e Indireta e estabelece outras provid\u00eancias.<\/a><\/span><\/li>\n<\/ul>\n<\/li>\n<\/ul>\n<ul>\n<li style=\"list-style-type: none;\"><\/li>\n<\/ul>\n<p><b>SISTEMA NACIONAL DE PREVEN\u00c7\u00c3O E COMBATE \u00c0 TORTURA:<\/b><\/p>\n<ul>\n<li style=\"list-style-type: none;\">\n<ul>\n<li><span style=\"color: #3366ff;\"><a style=\"color: #3366ff;\" href=\"https:\/\/www.planalto.gov.br\/ccivil_03\/_ato2011-2014\/2013\/lei\/l12847.htm\">LEI n\u00ba 12.847, de 2 de agosto de 2013, Institui o Sistema Nacional de Preven\u00e7\u00e3o e Combate \u00e0 Tortura; cria o Comit\u00ea Nacional de Preven\u00e7\u00e3o e Combate \u00e0 Tortura e o Mecanismo Nacional de Preven\u00e7\u00e3o e Combate \u00e0 Tortura; e d\u00e1 outras provid\u00eancias;<\/a><\/span><\/li>\n<li><span style=\"color: #3366ff;\"><a style=\"color: #3366ff;\" href=\"https:\/\/www.sap.sc.gov.br\/en\/download\/01_decreto-no-8-154-de-16-de-dezembro-de-2013-regulamenta-o-funcionamento-do-sistema-nacional-de-prevencao-e-combate-a-tortura-a-composicao-e-o-funcionamento-do-comite-nacional-de-prevencao-e-comba\/\" target=\"_blank\" rel=\"noopener\">DECRETO n\u00ba 8.154, de 16 de dezembro de 2013, Regulamenta o funcionamento do Sistema Nacional de Preven\u00e7\u00e3o e Combate \u00e0 Tortura, a composi\u00e7\u00e3o e o funcionamento do Comit\u00ea Nacional de Preven\u00e7\u00e3o e Combate \u00e0 Tortura e disp\u00f5e sobre o Mecanismo Nacional de Preven\u00e7\u00e3o e Combate \u00e0 Tortura.<\/a><\/span><\/li>\n<li><span style=\"color: #3366ff;\"><a style=\"color: #3366ff;\" href=\"https:\/\/www.planalto.gov.br\/ccivil_03\/leis\/l9455.htm#:~:text=LEI%20N%C2%BA%209.455%2C%20DE%207,tortura%20e%20d%C3%A1%20outras%20provid%C3%AAncias.\">LEI n\u00ba 9.455, de 7 de abril de 1997, Define os crimes de tortura e d\u00e1 outras provid\u00eancias;<\/a><\/span><\/li>\n<\/ul>\n<\/li>\n<\/ul>","protected":false},"excerpt":{"rendered":"<p>C\u00d3DIGO PENAL: C\u00d3DIGO PENAL C\u00d3DIGO DE PROCESSO PENAL: C\u00d3DIGO DE PROCESSO PENAL LEI DE EXECU\u00c7\u00c3O PENAL: LEI n\u00ba7.210, de 11 de julho de 1984, que institui a Lei de Execu\u00e7\u00e3o Penal ESTATUTO DA CRIAN\u00c7A E ADOLESCENTE: \u00a0LEI n\u00ba 8.069, de 13 de julho de 1990, Estatuto da Crian\u00e7a e do Adolescente. SISTEMA NACIONAL DE ATENDIMENTO [&hellip;]<\/p>\n","protected":false},"author":9,"featured_media":0,"comment_status":"closed","ping_status":"closed","sticky":false,"template":"","format":"standard","meta":{"_monsterinsights_skip_tracking":false,"_monsterinsights_sitenote_active":false,"_monsterinsights_sitenote_note":"","_monsterinsights_sitenote_category":0,"footnotes":"","_wp_rev_ctl_limit":""},"categories":[1348],"tags":[],"publishpress_future_action":{"enabled":false,"date":"2026-05-07 17:56:15","action":"change-status","newStatus":"draft","terms":[],"taxonomy":"category"},"publishpress_future_workflow_manual_trigger":{"enabledWorkflows":[]},"_links":{"self":[{"href":"https:\/\/www.sap.sc.gov.br\/en\/wp-json\/wp\/v2\/posts\/18072"}],"collection":[{"href":"https:\/\/www.sap.sc.gov.br\/en\/wp-json\/wp\/v2\/posts"}],"about":[{"href":"https:\/\/www.sap.sc.gov.br\/en\/wp-json\/wp\/v2\/types\/post"}],"author":[{"embeddable":true,"href":"https:\/\/www.sap.sc.gov.br\/en\/wp-json\/wp\/v2\/users\/9"}],"replies":[{"embeddable":true,"href":"https:\/\/www.sap.sc.gov.br\/en\/wp-json\/wp\/v2\/comments?post=18072"}],"version-history":[{"count":0,"href":"https:\/\/www.sap.sc.gov.br\/en\/wp-json\/wp\/v2\/posts\/18072\/revisions"}],"wp:attachment":[{"href":"https:\/\/www.sap.sc.gov.br\/en\/wp-json\/wp\/v2\/media?parent=18072"}],"wp:term":[{"taxonomy":"category","embeddable":true,"href":"https:\/\/www.sap.sc.gov.br\/en\/wp-json\/wp\/v2\/categories?post=18072"},{"taxonomy":"post_tag","embeddable":true,"href":"https:\/\/www.sap.sc.gov.br\/en\/wp-json\/wp\/v2\/tags?post=18072"}],"curies":[{"name":"wp","href":"https:\/\/api.w.org\/{rel}","templated":true}]}}