{"id":13190,"date":"2011-06-27T17:50:56","date_gmt":"2011-06-27T20:50:56","guid":{"rendered":"http:\/\/webdease2023.intranet.ciasc.gov.br\/2011\/06\/27\/instalacao-da-vara-de-execucoes-penais-da-comarca-de-criciuma\/"},"modified":"2023-07-13T17:51:50","modified_gmt":"2023-07-13T20:51:50","slug":"instalacao-da-vara-de-execucoes-penais-da-comarca-de-criciuma","status":"publish","type":"post","link":"https:\/\/www.sap.sc.gov.br\/en\/instalacao-da-vara-de-execucoes-penais-da-comarca-de-criciuma\/","title":{"rendered":"Instala\u00e7\u00e3o da Vara de Execu\u00e7\u00f5es Penais da Comarca de Crici\u00fama"},"content":{"rendered":"<p style=\"text-align: justify;\">Na quinta-feira (16\/06\/2011), a Secret\u00e1ria da Justi\u00e7a e Cidadania, Sra. Ada Faraco de Lucca, participou juntamente com o Diretor do Departamento de Administra\u00e7\u00e3o Prisional, Sr. Ad\u00e9rcio Jos\u00e9 Velter, da Instala\u00e7\u00e3o da Vara de Execu\u00e7\u00f5es Penais da Comarca de Crici\u00fama a convite do Presidente do Tribunal de Justi\u00e7a, desembargador Jos\u00e9 Trindade dos Santos e do Juiz da 2\u00aa Vara Criminal, Rubens Salfer. A nova vara vai funcionar interligada ao Cart\u00f3rio Remoto de Execu\u00e7\u00f5es Penais do Judici\u00e1rio, instalado na sede do TJ. Em seu discurso o Juiz Rubens Salfer declarou: \u201cH\u00e1 na comarca duas unidades prisionais, Pres\u00eddio Regional de Crici\u00fama e Penitenci\u00e1ria Sul, comportando, ambas, cerca de 1,2 mil reclusos, nos regimes semi-aberto, fechado e presos cautelares. No regime aberto, em livramento condicional e em sursis existem cerca de duas mil pessoas resgatando suas penas. Portanto, desde longe existia a necessidade de instala\u00e7\u00e3o de uma Vara de Execu\u00e7\u00f5es Penais. N\u00e3o bastasse o ac\u00famulo imenso de processos, Crici\u00fama era a \u00fanica Comarca no Estado que, contando com uma penitenci\u00e1ria, n\u00e3o tinha uma Unidade para execu\u00e7\u00e3o destes feitos\u201d.<\/p>","protected":false},"excerpt":{"rendered":"<p>Na quinta-feira (16\/06\/2011), a Secret\u00e1ria da Justi\u00e7a e Cidadania, Sra. Ada Faraco de Lucca, participou juntamente com o Diretor do Departamento de Administra\u00e7\u00e3o Prisional, Sr. Ad\u00e9rcio Jos\u00e9 Velter, da Instala\u00e7\u00e3o da Vara de Execu\u00e7\u00f5es Penais da Comarca de Crici\u00fama a convite do Presidente do Tribunal de Justi\u00e7a, desembargador Jos\u00e9 Trindade dos Santos e do Juiz [&hellip;]<\/p>\n","protected":false},"author":6,"featured_media":14070,"comment_status":"open","ping_status":"open","sticky":false,"template":"","format":"standard","meta":{"_monsterinsights_skip_tracking":false,"_monsterinsights_sitenote_active":false,"_monsterinsights_sitenote_note":"","_monsterinsights_sitenote_category":0,"footnotes":"","_wp_rev_ctl_limit":""},"categories":[1296],"tags":[],"publishpress_future_action":{"enabled":false,"date":"2026-05-06 23:42:19","action":"change-status","newStatus":"draft","terms":[],"taxonomy":"category"},"publishpress_future_workflow_manual_trigger":{"enabledWorkflows":[]},"_links":{"self":[{"href":"https:\/\/www.sap.sc.gov.br\/en\/wp-json\/wp\/v2\/posts\/13190"}],"collection":[{"href":"https:\/\/www.sap.sc.gov.br\/en\/wp-json\/wp\/v2\/posts"}],"about":[{"href":"https:\/\/www.sap.sc.gov.br\/en\/wp-json\/wp\/v2\/types\/post"}],"author":[{"embeddable":true,"href":"https:\/\/www.sap.sc.gov.br\/en\/wp-json\/wp\/v2\/users\/6"}],"replies":[{"embeddable":true,"href":"https:\/\/www.sap.sc.gov.br\/en\/wp-json\/wp\/v2\/comments?post=13190"}],"version-history":[{"count":0,"href":"https:\/\/www.sap.sc.gov.br\/en\/wp-json\/wp\/v2\/posts\/13190\/revisions"}],"wp:featuredmedia":[{"embeddable":true,"href":"https:\/\/www.sap.sc.gov.br\/en\/wp-json\/wp\/v2\/media\/14070"}],"wp:attachment":[{"href":"https:\/\/www.sap.sc.gov.br\/en\/wp-json\/wp\/v2\/media?parent=13190"}],"wp:term":[{"taxonomy":"category","embeddable":true,"href":"https:\/\/www.sap.sc.gov.br\/en\/wp-json\/wp\/v2\/categories?post=13190"},{"taxonomy":"post_tag","embeddable":true,"href":"https:\/\/www.sap.sc.gov.br\/en\/wp-json\/wp\/v2\/tags?post=13190"}],"curies":[{"name":"wp","href":"https:\/\/api.w.org\/{rel}","templated":true}]}}