{"id":13188,"date":"2011-06-29T17:41:29","date_gmt":"2011-06-29T20:41:29","guid":{"rendered":"http:\/\/webdease2023.intranet.ciasc.gov.br\/2011\/06\/29\/celebrado-convenios-que-visam-proporcionar-oportunidade-de-trabalho-e-ressocializacao-aos-reeducandos-do-presidio-regional-de-joacaba\/"},"modified":"2023-07-13T17:51:50","modified_gmt":"2023-07-13T20:51:50","slug":"celebrado-convenios-que-visam-proporcionar-oportunidade-de-trabalho-e-ressocializacao-aos-reeducandos-do-presidio-regional-de-joacaba","status":"publish","type":"post","link":"https:\/\/www.sap.sc.gov.br\/en\/celebrado-convenios-que-visam-proporcionar-oportunidade-de-trabalho-e-ressocializacao-aos-reeducandos-do-presidio-regional-de-joacaba\/","title":{"rendered":"Celebrado conv\u00eanios que visam proporcionar oportunidade de trabalho e ressocializa\u00e7\u00e3o aos reeducandos do Pres\u00eddio Regional de Joa\u00e7aba"},"content":{"rendered":"<p style=\"text-align: justify;\">Na \u00faltima ter\u00e7a-feira, dia 21 de junho, no F\u00f3rum da Comarca de Joa\u00e7aba, foi celebrado conv\u00eanios que visam proporcionar oportunidade de trabalho e ressocializa\u00e7\u00e3o aos reeducandos do Pres\u00eddio Regional de Joa\u00e7aba. Os conv\u00eanios foram firmados com a Prefeitura Municipal de Joa\u00e7aba e as empresas Andrade Constru\u00e7\u00f5es Ltda, Cooperativa Rio do Peixe, Hidr\u00e1ulica Industrial S\/A (Hisa\/Weg), Imprimere e Metal\u00fargica Ilha. Na oportunidade, o Secret\u00e1rio Regional Jair Lorensetti representou o Governo do Estado, e a Gerente Judici\u00e1ria do DEAP e.e. Juliana Rodrigues Ramos (foto) representou a Excelent\u00edssima Secret\u00e1ria de Estado da Justi\u00e7a, Ada de Luca e o Diretor do Departamento de Administra\u00e7\u00e3o Prisional, Ad\u00e9rcio Jos\u00e9 Velter. O evento tamb\u00e9m contou com representantes dos poderes Judici\u00e1rio e Executivo, autoridades civis e militares, empres\u00e1rios, conselheiros, entre outros convidados. Dos 140 reeducandos do Pres\u00eddio Regional de Joa\u00e7aba, mais de 30 (entre homens e mulheres) s\u00e3o contemplados com os conv\u00eanios, alguns trabalhando no pr\u00f3prio pres\u00eddio, e outros prestando servi\u00e7o nas empresas conveniadas.<\/p>","protected":false},"excerpt":{"rendered":"<p>Na \u00faltima ter\u00e7a-feira, dia 21 de junho, no F\u00f3rum da Comarca de Joa\u00e7aba, foi celebrado conv\u00eanios que visam proporcionar oportunidade de trabalho e ressocializa\u00e7\u00e3o aos reeducandos do Pres\u00eddio Regional de Joa\u00e7aba. Os conv\u00eanios foram firmados com a Prefeitura Municipal de Joa\u00e7aba e as empresas Andrade Constru\u00e7\u00f5es Ltda, Cooperativa Rio do Peixe, Hidr\u00e1ulica Industrial S\/A (Hisa\/Weg), [&hellip;]<\/p>\n","protected":false},"author":6,"featured_media":14065,"comment_status":"open","ping_status":"open","sticky":false,"template":"","format":"standard","meta":{"_monsterinsights_skip_tracking":false,"_monsterinsights_sitenote_active":false,"_monsterinsights_sitenote_note":"","_monsterinsights_sitenote_category":0,"footnotes":"","_wp_rev_ctl_limit":""},"categories":[1296],"tags":[],"publishpress_future_action":{"enabled":false,"date":"2026-05-09 00:03:14","action":"change-status","newStatus":"draft","terms":[],"taxonomy":"category"},"publishpress_future_workflow_manual_trigger":{"enabledWorkflows":[]},"_links":{"self":[{"href":"https:\/\/www.sap.sc.gov.br\/en\/wp-json\/wp\/v2\/posts\/13188"}],"collection":[{"href":"https:\/\/www.sap.sc.gov.br\/en\/wp-json\/wp\/v2\/posts"}],"about":[{"href":"https:\/\/www.sap.sc.gov.br\/en\/wp-json\/wp\/v2\/types\/post"}],"author":[{"embeddable":true,"href":"https:\/\/www.sap.sc.gov.br\/en\/wp-json\/wp\/v2\/users\/6"}],"replies":[{"embeddable":true,"href":"https:\/\/www.sap.sc.gov.br\/en\/wp-json\/wp\/v2\/comments?post=13188"}],"version-history":[{"count":0,"href":"https:\/\/www.sap.sc.gov.br\/en\/wp-json\/wp\/v2\/posts\/13188\/revisions"}],"wp:featuredmedia":[{"embeddable":true,"href":"https:\/\/www.sap.sc.gov.br\/en\/wp-json\/wp\/v2\/media\/14065"}],"wp:attachment":[{"href":"https:\/\/www.sap.sc.gov.br\/en\/wp-json\/wp\/v2\/media?parent=13188"}],"wp:term":[{"taxonomy":"category","embeddable":true,"href":"https:\/\/www.sap.sc.gov.br\/en\/wp-json\/wp\/v2\/categories?post=13188"},{"taxonomy":"post_tag","embeddable":true,"href":"https:\/\/www.sap.sc.gov.br\/en\/wp-json\/wp\/v2\/tags?post=13188"}],"curies":[{"name":"wp","href":"https:\/\/api.w.org\/{rel}","templated":true}]}}